{"id":12339,"date":"2017-05-31T09:59:08","date_gmt":"2017-05-31T12:59:08","guid":{"rendered":"http:\/\/actualidadadiario.com\/site\/?p=12339"},"modified":"2017-05-31T09:59:08","modified_gmt":"2017-05-31T12:59:08","slug":"bullrich-descarto-que-exista-una-amenaza-narco-contra-macri","status":"publish","type":"post","link":"https:\/\/www.actualidadadiario.com\/index.php\/2017\/05\/31\/bullrich-descarto-que-exista-una-amenaza-narco-contra-macri\/","title":{"rendered":"Bullrich descart\u00f3 que exista una amenaza narco contra Macri"},"content":{"rendered":"<p><em><strong>Luego de los rumores de amenaza narco contra el presidente, Mauricio Macri, la ministra de Seguridad, Patricia Bullrich, descart\u00f3 que los organismos de inteligencia del Estado hayan detectado alguna amenaza de este tipo<\/strong><\/em><\/p>\n<p>&nbsp;<\/p>\n<p>&nbsp;<\/p>\n<p>&nbsp;<\/p>\n<p>&nbsp;<\/p>\n<p>&nbsp;<\/p>\n<p>En este marco, la funcionaria asegur\u00f3 que no hay &#8220;ning\u00fan informe de inteligencia que d\u00e9 certeza esa versiones&#8221;, al tiempo que afirm\u00f3 que no hay ninguna medida &#8220;especial&#8221; para la protecci\u00f3n del primer mandatario.<\/p>\n<p>&nbsp;<\/p>\n<p>&#8220;Ni nosotros ni la AFI, que son los organismos competentes, tienen ning\u00fan tipo de amenazas narco. Circul\u00f3 una versi\u00f3n, las polic\u00edas provinciales generaron el alerta, pero no tenemos ning\u00fan informe de inteligencia que d\u00e9 certezas a esas versiones. La seguridad del Presidente est\u00e1 bien, est\u00e1 normal. No hay una seguridad especial en estos d\u00edas&#8221;, se\u00f1al\u00f3.<\/p>\n<p>&nbsp;<\/p>\n<p>Al ser consultada acerca del hombre con pasaporte de origen sirio expulsado del Tedeum del 25 de mayo, Bullrich aclar\u00f3 que fue &#8220;una medida de protecci\u00f3n&#8221; debido a un &#8220;comportamiento anormal&#8221;, pero descart\u00f3 que est\u00e9 vinculado a alguna organizaci\u00f3n terrorista internacional.<\/p>\n<p>&nbsp;<\/p>\n<p>En declaraciones a A24, la funcionaria admiti\u00f3 que hay un retraso en la compra de un auto blindado para que Macri se traslade debido a &#8220;los procedimientos de compras del Estado&#8221;, pero afirm\u00f3 que &#8220;se est\u00e1n haciendo los tr\u00e1mites&#8221;.<\/p>\n","protected":false},"excerpt":{"rendered":"<p>Luego de los rumores de amenaza narco contra el presidente, Mauricio Macri, la ministra de Seguridad, Patricia Bullrich, descart\u00f3 que los organismos de inteligencia del Estado hayan detectado alguna amenaza de este tipo &nbsp; &nbsp; &nbsp; &nbsp; &nbsp; En este marco, la funcionaria asegur\u00f3 que no hay &#8220;ning\u00fan informe de inteligencia que d\u00e9 certeza esa versiones&#8221;, al tiempo que afirm\u00f3 que no hay ninguna medida &#8220;especial&#8221; para la protecci\u00f3n del primer mandatario. &nbsp; &#8220;Ni nosotros ni la AFI, que son los organismos competentes, tienen ning\u00fan tipo de amenazas narco. Circul\u00f3&#8230;<\/p>\n","protected":false},"author":3,"featured_media":12340,"comment_status":"closed","ping_status":"closed","sticky":false,"template":"","format":"standard","meta":[],"categories":[18],"tags":[],"_links":{"self":[{"href":"https:\/\/www.actualidadadiario.com\/index.php\/wp-json\/wp\/v2\/posts\/12339"}],"collection":[{"href":"https:\/\/www.actualidadadiario.com\/index.php\/wp-json\/wp\/v2\/posts"}],"about":[{"href":"https:\/\/www.actualidadadiario.com\/index.php\/wp-json\/wp\/v2\/types\/post"}],"author":[{"embeddable":true,"href":"https:\/\/www.actualidadadiario.com\/index.php\/wp-json\/wp\/v2\/users\/3"}],"replies":[{"embeddable":true,"href":"https:\/\/www.actualidadadiario.com\/index.php\/wp-json\/wp\/v2\/comments?post=12339"}],"version-history":[{"count":1,"href":"https:\/\/www.actualidadadiario.com\/index.php\/wp-json\/wp\/v2\/posts\/12339\/revisions"}],"predecessor-version":[{"id":12341,"href":"https:\/\/www.actualidadadiario.com\/index.php\/wp-json\/wp\/v2\/posts\/12339\/revisions\/12341"}],"wp:featuredmedia":[{"embeddable":true,"href":"https:\/\/www.actualidadadiario.com\/index.php\/wp-json\/wp\/v2\/media\/12340"}],"wp:attachment":[{"href":"https:\/\/www.actualidadadiario.com\/index.php\/wp-json\/wp\/v2\/media?parent=12339"}],"wp:term":[{"taxonomy":"category","embeddable":true,"href":"https:\/\/www.actualidadadiario.com\/index.php\/wp-json\/wp\/v2\/categories?post=12339"},{"taxonomy":"post_tag","embeddable":true,"href":"https:\/\/www.actualidadadiario.com\/index.php\/wp-json\/wp\/v2\/tags?post=12339"}],"curies":[{"name":"wp","href":"https:\/\/api.w.org\/{rel}","templated":true}]}}