{"id":12336,"date":"2017-05-31T09:58:21","date_gmt":"2017-05-31T12:58:21","guid":{"rendered":"http:\/\/actualidadadiario.com\/site\/?p=12336"},"modified":"2017-05-31T09:58:21","modified_gmt":"2017-05-31T12:58:21","slug":"florencio-randazzo-presento-los-avales-y-se-reune-con-el-pj","status":"publish","type":"post","link":"https:\/\/www.actualidadadiario.com\/index.php\/2017\/05\/31\/florencio-randazzo-presento-los-avales-y-se-reune-con-el-pj\/","title":{"rendered":"Florencio Randazzo present\u00f3 los avales y se re\u00fane con el PJ"},"content":{"rendered":"<p><em><strong>El ex ministro del Interior y Transporte ratific\u00f3 su intenci\u00f3n de disputar la candidatura contra la expresidenta Cristina Fern\u00e1ndez de Kirchner<\/strong><\/em><\/p>\n<p>&nbsp;<\/p>\n<p>&nbsp;<\/p>\n<p>&nbsp;<\/p>\n<p>El ex ministro Florencio Randazzo present\u00f3 los avales para competir en las PASO del peronismo bonaerense y ratific\u00f3 as\u00ed su intenci\u00f3n de disputar la candidatura a senador nacional contra la expresidenta Cristina Kirchner, lo que ser\u00e1 motivo de discusi\u00f3n este mi\u00e9rcoles en la sede del PJ nacional en la primera reuni\u00f3n entre ambos sectores.<\/p>\n<p>&nbsp;<\/p>\n<p>&#8220;Estamos convencidos de que estamos haciendo lo correcto y de que tenemos raz\u00f3n. Todav\u00eda no empezamos la campa\u00f1a. Nadie va a una elecci\u00f3n a perderla. Estamos convencidos de que le podemos ganar no s\u00f3lo a Cristina, sino a cualquiera que se presente enfrente, pero no queremos convertir esto en un juego de soberbia&#8221;, sostuvo el jefe de campa\u00f1a del exministro, Alberto Fern\u00e1ndez.<\/p>\n<p>&nbsp;<\/p>\n<p>En el Centro Cultural Sanidad, del sindicato que lidera H\u00e9ctor Daer, el exjefe de Gabinete realiz\u00f3 la presentaci\u00f3n de los avales de Randazzo para competir en los 135 distritos de la Provincia de Buenos Aires y pidi\u00f3 &#8220;revisar las estrategias electorales del pasado&#8221;.<\/p>\n<p>&nbsp;<\/p>\n<p>&#8220;Lo que hacemos es respetar lo que la ley dice como mecanismo para dirimir qui\u00e9n es el mejor candidato dentro del espacio opositor&#8221;, resalt\u00f3 el jefe de campa\u00f1a de Randazzo, quien destac\u00f3 que &#8220;en pocas semanas se lograron unos 30 mil avales&#8221;.<\/p>\n<p>&nbsp;<\/p>\n<p>En medio de los tironeos internos, este mi\u00e9rcoles a las 19:00 ser\u00e1 la primera reuni\u00f3n entre dirigentes de ambos sectores en la hist\u00f3rica sede de Matheu 130 y en el marco de la Comisi\u00f3n de Acci\u00f3n Pol\u00edtica.<\/p>\n","protected":false},"excerpt":{"rendered":"<p>El ex ministro del Interior y Transporte ratific\u00f3 su intenci\u00f3n de disputar la candidatura contra la expresidenta Cristina Fern\u00e1ndez de Kirchner &nbsp; &nbsp; &nbsp; El ex ministro Florencio Randazzo present\u00f3 los avales para competir en las PASO del peronismo bonaerense y ratific\u00f3 as\u00ed su intenci\u00f3n de disputar la candidatura a senador nacional contra la expresidenta Cristina Kirchner, lo que ser\u00e1 motivo de discusi\u00f3n este mi\u00e9rcoles en la sede del PJ nacional en la primera reuni\u00f3n entre ambos sectores. &nbsp; &#8220;Estamos convencidos de que estamos haciendo lo correcto y de que&#8230;<\/p>\n","protected":false},"author":3,"featured_media":12337,"comment_status":"closed","ping_status":"closed","sticky":false,"template":"","format":"standard","meta":[],"categories":[18],"tags":[],"_links":{"self":[{"href":"https:\/\/www.actualidadadiario.com\/index.php\/wp-json\/wp\/v2\/posts\/12336"}],"collection":[{"href":"https:\/\/www.actualidadadiario.com\/index.php\/wp-json\/wp\/v2\/posts"}],"about":[{"href":"https:\/\/www.actualidadadiario.com\/index.php\/wp-json\/wp\/v2\/types\/post"}],"author":[{"embeddable":true,"href":"https:\/\/www.actualidadadiario.com\/index.php\/wp-json\/wp\/v2\/users\/3"}],"replies":[{"embeddable":true,"href":"https:\/\/www.actualidadadiario.com\/index.php\/wp-json\/wp\/v2\/comments?post=12336"}],"version-history":[{"count":1,"href":"https:\/\/www.actualidadadiario.com\/index.php\/wp-json\/wp\/v2\/posts\/12336\/revisions"}],"predecessor-version":[{"id":12338,"href":"https:\/\/www.actualidadadiario.com\/index.php\/wp-json\/wp\/v2\/posts\/12336\/revisions\/12338"}],"wp:featuredmedia":[{"embeddable":true,"href":"https:\/\/www.actualidadadiario.com\/index.php\/wp-json\/wp\/v2\/media\/12337"}],"wp:attachment":[{"href":"https:\/\/www.actualidadadiario.com\/index.php\/wp-json\/wp\/v2\/media?parent=12336"}],"wp:term":[{"taxonomy":"category","embeddable":true,"href":"https:\/\/www.actualidadadiario.com\/index.php\/wp-json\/wp\/v2\/categories?post=12336"},{"taxonomy":"post_tag","embeddable":true,"href":"https:\/\/www.actualidadadiario.com\/index.php\/wp-json\/wp\/v2\/tags?post=12336"}],"curies":[{"name":"wp","href":"https:\/\/api.w.org\/{rel}","templated":true}]}}