{"id":12330,"date":"2017-05-31T09:56:40","date_gmt":"2017-05-31T12:56:40","guid":{"rendered":"http:\/\/actualidadadiario.com\/site\/?p=12330"},"modified":"2017-05-31T10:00:13","modified_gmt":"2017-05-31T13:00:13","slug":"diputada-que-investiga-a-arribas-denuncio-que-le-hackearon-sus-cuentas-de-mail","status":"publish","type":"post","link":"https:\/\/www.actualidadadiario.com\/index.php\/2017\/05\/31\/diputada-que-investiga-a-arribas-denuncio-que-le-hackearon-sus-cuentas-de-mail\/","title":{"rendered":"Diputada que investiga a Arribas denunci\u00f3 que le hackearon sus cuentas de mail"},"content":{"rendered":"<p><em><strong>La diputada nacional del FPV-PJ e integrante de la Comisi\u00f3n Bicameral de Fiscalizaci\u00f3n de los Organismos y Actividades de Inteligencia, Teresa Garc\u00eda, present\u00f3 una denuncia penal en los tribunales de Comodoro Py por el hackeo de su correo electr\u00f3nico personal y el de dos de sus asesores. La legisladora dijo que es &#8220;una intimidaci\u00f3n&#8221; y acus\u00f3 al presidente Macri<\/strong><\/em><\/p>\n<p>&nbsp;<\/p>\n<p>&nbsp;<\/p>\n<p>&nbsp;<\/p>\n<p>&nbsp;<\/p>\n<p>&nbsp;<\/p>\n<p>El escrito presentado por la intrusi\u00f3n a los correos electr\u00f3nicos de la legisladora nacional que recay\u00f3 en el juzgado n\u00b0 12 a cargo del Juez federal Sergio Torres, se da en el marco de la investigaci\u00f3n que pesa sobre el titular de la Agencia Federal de Inteligencia (AFI), Gustavo Arribas, por el supuesto cobro de sobornos millonarios de manos del cambista brasilero Leonardo Meirelles vinculado a la empresa Odebrecht, investigaci\u00f3n donde la diputada Garc\u00eda es una de las mayores impulsoras en el Congreso.<\/p>\n<p>&nbsp;<\/p>\n<p>Adem\u00e1s de la intrusi\u00f3n de los correos electr\u00f3nicos en la denuncia presentada se informa tambi\u00e9n &#8220;el ingreso no autorizado&#8221; a la carpeta denominada &#8220;Odebretcht&#8221;, la cual compart\u00eda la legisladora con sus asesores y donde se encontraba informaci\u00f3n relativa al caso donde se denuncia al titular de la AFI, Gustavo Arribas.<\/p>\n<p>&nbsp;<\/p>\n<p>Al respecto Garc\u00eda sostuvo que la intrusi\u00f3n a su cuenta de correo representa claramente &#8220;una intimidaci\u00f3n&#8221;, al tiempo que se\u00f1al\u00f3 que &#8220;estos m\u00e9todos que cre\u00edamos que estaban desterrados y que fueron parte de la historia negra de la Argentina, hoy tienen un \u00fanico responsable que lo indica o lo permite y que es el Presidente de la Naci\u00f3n, Mauricio Macri&#8221;.<\/p>\n","protected":false},"excerpt":{"rendered":"<p>La diputada nacional del FPV-PJ e integrante de la Comisi\u00f3n Bicameral de Fiscalizaci\u00f3n de los Organismos y Actividades de Inteligencia, Teresa Garc\u00eda, present\u00f3 una denuncia penal en los tribunales de Comodoro Py por el hackeo de su correo electr\u00f3nico personal y el de dos de sus asesores. La legisladora dijo que es &#8220;una intimidaci\u00f3n&#8221; y acus\u00f3 al presidente Macri &nbsp; &nbsp; &nbsp; &nbsp; &nbsp; El escrito presentado por la intrusi\u00f3n a los correos electr\u00f3nicos de la legisladora nacional que recay\u00f3 en el juzgado n\u00b0 12 a cargo del Juez federal&#8230;<\/p>\n","protected":false},"author":3,"featured_media":12331,"comment_status":"closed","ping_status":"closed","sticky":false,"template":"","format":"standard","meta":[],"categories":[9],"tags":[],"_links":{"self":[{"href":"https:\/\/www.actualidadadiario.com\/index.php\/wp-json\/wp\/v2\/posts\/12330"}],"collection":[{"href":"https:\/\/www.actualidadadiario.com\/index.php\/wp-json\/wp\/v2\/posts"}],"about":[{"href":"https:\/\/www.actualidadadiario.com\/index.php\/wp-json\/wp\/v2\/types\/post"}],"author":[{"embeddable":true,"href":"https:\/\/www.actualidadadiario.com\/index.php\/wp-json\/wp\/v2\/users\/3"}],"replies":[{"embeddable":true,"href":"https:\/\/www.actualidadadiario.com\/index.php\/wp-json\/wp\/v2\/comments?post=12330"}],"version-history":[{"count":1,"href":"https:\/\/www.actualidadadiario.com\/index.php\/wp-json\/wp\/v2\/posts\/12330\/revisions"}],"predecessor-version":[{"id":12332,"href":"https:\/\/www.actualidadadiario.com\/index.php\/wp-json\/wp\/v2\/posts\/12330\/revisions\/12332"}],"wp:featuredmedia":[{"embeddable":true,"href":"https:\/\/www.actualidadadiario.com\/index.php\/wp-json\/wp\/v2\/media\/12331"}],"wp:attachment":[{"href":"https:\/\/www.actualidadadiario.com\/index.php\/wp-json\/wp\/v2\/media?parent=12330"}],"wp:term":[{"taxonomy":"category","embeddable":true,"href":"https:\/\/www.actualidadadiario.com\/index.php\/wp-json\/wp\/v2\/categories?post=12330"},{"taxonomy":"post_tag","embeddable":true,"href":"https:\/\/www.actualidadadiario.com\/index.php\/wp-json\/wp\/v2\/tags?post=12330"}],"curies":[{"name":"wp","href":"https:\/\/api.w.org\/{rel}","templated":true}]}}