{"id":12327,"date":"2017-05-31T09:55:52","date_gmt":"2017-05-31T12:55:52","guid":{"rendered":"http:\/\/actualidadadiario.com\/site\/?p=12327"},"modified":"2017-05-31T09:55:52","modified_gmt":"2017-05-31T12:55:52","slug":"por-falta-de-quorum-se-dilata-el-inicio-del-tratamiento-de-ley-de-compre-argentino","status":"publish","type":"post","link":"https:\/\/www.actualidadadiario.com\/index.php\/2017\/05\/31\/por-falta-de-quorum-se-dilata-el-inicio-del-tratamiento-de-ley-de-compre-argentino\/","title":{"rendered":"Por falta de qu\u00f3rum, se dilata el inicio del tratamiento de ley de &#8220;Compre Argentino&#8221;"},"content":{"rendered":"<p><em><strong>Por falta de qu\u00f3rum, fracas\u00f3 el plenario de comisiones que ten\u00eda previsto dar comienzo en la C\u00e1mara de Diputados al tratamiento del proyecto de ley de &#8220;Compre Nacional&#8221;. No obstante, los diputados presentes en el plenario de las comisiones de Obras P\u00fablicas y PyMEs acordaron convocar al ministro de Producci\u00f3n, Francisco Cabrera, a la pr\u00f3xima reuni\u00f3n para que aporte precisiones sobre la iniciativa que el Poder Ejecutivo envi\u00f3 al Congreso el mi\u00e9rcoles pasado<\/strong><\/em><\/p>\n<p>&nbsp;<\/p>\n<p>&nbsp;<\/p>\n<p>&nbsp;<\/p>\n<p>&nbsp;<\/p>\n<p>&nbsp;<\/p>\n<p>La intenci\u00f3n de los diputados es que en la pr\u00f3xima reuni\u00f3n el funcionario precisiones sobre la iniciativa que el Poder Ejecutivo envi\u00f3 al Congreso el mi\u00e9rcoles pasado. El presidente de la comisi\u00f3n Obras P\u00fablicas, Sergio Ziliotto, inform\u00f3 que antes de la llegada del proyecto oficial, los bloques de la oposici\u00f3n lograron unificar un texto.<\/p>\n<p>&nbsp;<\/p>\n<p>La iniciativa del oficialismo apunta a reactivar la producci\u00f3n local mediante el aumento del porcentaje de contrataciones de productos o piezas a empresas aut\u00f3ctonas. En ese contexto, se espera que en los pr\u00f3ximos ocho a\u00f1os el Estado invierta un monto cercano a los u$s 200.000 millones en \u00e1reas clave como infraestructura, energ\u00eda y miner\u00eda, agroindustria, bienes industriales y servicios y tecnolog\u00eda.<\/p>\n<p>&nbsp;<\/p>\n<p>Por su parte, los fabricantes de equipos y productos el\u00e9ctricos, electr\u00f3nicos y luminot\u00e9cnicos, advirtieron que el proyecto requiere &#8220;muchas mejoras que ampliar\u00edan considerablemente la recaudaci\u00f3n fiscal, el ahorro de divisas y la generaci\u00f3n de empleo&#8221;. &#8220;Si no se consideran los aportes de la industria que padece el r\u00e9gimen vigente, el proyecto puede terminar como un dec\u00e1logo de buenas intenciones sin cumplir el objetivo enunciado&#8221;, sostuvo el presidente de CADIEEL, Jorge Cavanna.<\/p>\n<p>&nbsp;<\/p>\n<p>El Gobierno calcula que con una integraci\u00f3n de productos nacionales del 40% en las compras que lleve adelante el sector p\u00fablico, se podr\u00edan crear 70.000 nuevas fuentes de trabajo en los pr\u00f3ximos a\u00f1os. Seg\u00fan mediciones del INDEC, en febrero pasado la industria sufri\u00f3 una ca\u00edda del 6 por ciento interanual, en tanto que el primer bimestre registr\u00f3 una baja del 3,5%.<\/p>\n<p>&nbsp;<\/p>\n<p>El proyecto prev\u00e9 elevar los m\u00e1rgenes de preferencia para la industria argentina: en el caso de las pymes, el objetivo es pasar de 7 al 12 por ciento, mientras que para las grandes empresas se espera una evoluci\u00f3n del 5 al 8 por ciento (dichos m\u00e1rgenes de preferencia ser\u00e1n modificados en funci\u00f3n de la competitividad que registre cada sector).<\/p>\n","protected":false},"excerpt":{"rendered":"<p>Por falta de qu\u00f3rum, fracas\u00f3 el plenario de comisiones que ten\u00eda previsto dar comienzo en la C\u00e1mara de Diputados al tratamiento del proyecto de ley de &#8220;Compre Nacional&#8221;. No obstante, los diputados presentes en el plenario de las comisiones de Obras P\u00fablicas y PyMEs acordaron convocar al ministro de Producci\u00f3n, Francisco Cabrera, a la pr\u00f3xima reuni\u00f3n para que aporte precisiones sobre la iniciativa que el Poder Ejecutivo envi\u00f3 al Congreso el mi\u00e9rcoles pasado &nbsp; &nbsp; &nbsp; &nbsp; &nbsp; La intenci\u00f3n de los diputados es que en la pr\u00f3xima reuni\u00f3n el&#8230;<\/p>\n","protected":false},"author":3,"featured_media":12328,"comment_status":"closed","ping_status":"closed","sticky":false,"template":"","format":"standard","meta":[],"categories":[18],"tags":[],"_links":{"self":[{"href":"https:\/\/www.actualidadadiario.com\/index.php\/wp-json\/wp\/v2\/posts\/12327"}],"collection":[{"href":"https:\/\/www.actualidadadiario.com\/index.php\/wp-json\/wp\/v2\/posts"}],"about":[{"href":"https:\/\/www.actualidadadiario.com\/index.php\/wp-json\/wp\/v2\/types\/post"}],"author":[{"embeddable":true,"href":"https:\/\/www.actualidadadiario.com\/index.php\/wp-json\/wp\/v2\/users\/3"}],"replies":[{"embeddable":true,"href":"https:\/\/www.actualidadadiario.com\/index.php\/wp-json\/wp\/v2\/comments?post=12327"}],"version-history":[{"count":1,"href":"https:\/\/www.actualidadadiario.com\/index.php\/wp-json\/wp\/v2\/posts\/12327\/revisions"}],"predecessor-version":[{"id":12329,"href":"https:\/\/www.actualidadadiario.com\/index.php\/wp-json\/wp\/v2\/posts\/12327\/revisions\/12329"}],"wp:featuredmedia":[{"embeddable":true,"href":"https:\/\/www.actualidadadiario.com\/index.php\/wp-json\/wp\/v2\/media\/12328"}],"wp:attachment":[{"href":"https:\/\/www.actualidadadiario.com\/index.php\/wp-json\/wp\/v2\/media?parent=12327"}],"wp:term":[{"taxonomy":"category","embeddable":true,"href":"https:\/\/www.actualidadadiario.com\/index.php\/wp-json\/wp\/v2\/categories?post=12327"},{"taxonomy":"post_tag","embeddable":true,"href":"https:\/\/www.actualidadadiario.com\/index.php\/wp-json\/wp\/v2\/tags?post=12327"}],"curies":[{"name":"wp","href":"https:\/\/api.w.org\/{rel}","templated":true}]}}