{"id":12322,"date":"2017-05-31T09:53:06","date_gmt":"2017-05-31T12:53:06","guid":{"rendered":"http:\/\/actualidadadiario.com\/site\/?p=12322"},"modified":"2017-05-31T09:53:06","modified_gmt":"2017-05-31T12:53:06","slug":"la-afip-recibira-informacion-tributaria-desde-panama","status":"publish","type":"post","link":"https:\/\/www.actualidadadiario.com\/index.php\/2017\/05\/31\/la-afip-recibira-informacion-tributaria-desde-panama\/","title":{"rendered":"La AFIP recibir\u00e1 informaci\u00f3n tributaria desde Panam\u00e1"},"content":{"rendered":"<p><em><strong>La Administraci\u00f3n Federal de Ingresos P\u00fablicos (AFIP) intercambiar\u00e1 a partir del 2018 con su par de Panam\u00e1 informaci\u00f3n financiera y tributaria de cuentas de argentinos que est\u00e9n radicadas en ese pa\u00eds centroamericano, y de paname\u00f1os radicados en Argentina<\/strong><\/em><\/p>\n<p>&nbsp;<\/p>\n<p>&nbsp;<\/p>\n<p>&nbsp;<\/p>\n<p>&nbsp;<\/p>\n<p>&nbsp;<\/p>\n<p>As\u00ed se dispuso luego de la firma de un acuerdo entre el director de la AFIP, Alberto Abad, el viceministro de Relaciones Exteriores de Panam\u00e1, Luis Miguel Hincapi\u00e9, y funcionarios de la Direcci\u00f3n General de Ingresos de ese pa\u00eds, inform\u00f3 el organismo recaudador argentino a trav\u00e9s de un comunicado.<\/p>\n<p>&nbsp;<\/p>\n<p>Adem\u00e1s nuestro pa\u00eds dar\u00e1 apoyo al &#8220;Fast Track&#8221; solicitado por Panam\u00e1 ante la OCDE. El Fast Track es un procedimiento de revisi\u00f3n de v\u00eda r\u00e1pida para suspender su calificaci\u00f3n de &#8220;No Cumplidor&#8221;.<\/p>\n<p>&nbsp;<\/p>\n<p>En el Fast Track se eval\u00faa provisionalmente a una jurisdicci\u00f3n, y cuando \u00e9sta ha alcanzado un nivel de progreso suficiente, se suspende la calificaci\u00f3n existente y se programar\u00e1 una revisi\u00f3n completa bajo los t\u00e9rminos de referencia de 2016 (incluido la revisi\u00f3n de la viabilidad de la informaci\u00f3n sobre el beneficiario final) en el segundo semestre 2017.<\/p>\n<p>&nbsp;<\/p>\n<p>La OCDE deber\u00e1 presentar una lista a la Cumbre de L\u00edderes del G20 en julio de 2017, donde se identifique a las jurisdicciones no-cooperantes respecto de la transparencia fiscal.<\/p>\n<p>&nbsp;<\/p>\n<p>Por su parte, Panam\u00e1 destac\u00f3 los progresos realizados en este sentido, tales como la suscripci\u00f3n de la Convenci\u00f3n Multilateral sobre Asistencia Administrativa Mutua en materia fiscal de la OCDE, su inclusi\u00f3n al marco inclusivo sobre Beps y las mejoras en su legislaci\u00f3n dom\u00e9stica.<\/p>\n<p>&nbsp;<\/p>\n<p>En funci\u00f3n a los cambios que se encuentra realizando en temas de fiscalidad internacional, Panam\u00e1 solicit\u00f3 el apoyo de nuestro pa\u00eds ante la comunidad mundial.<\/p>\n<p>&nbsp;<\/p>\n<p>Las negociaciones entre Argentina y Panam\u00e1 se iniciaron en 2009 y, a partir del a\u00f1o pasado, se comenzaron a definir los puntos de un futuro acuerdo.<\/p>\n","protected":false},"excerpt":{"rendered":"<p>La Administraci\u00f3n Federal de Ingresos P\u00fablicos (AFIP) intercambiar\u00e1 a partir del 2018 con su par de Panam\u00e1 informaci\u00f3n financiera y tributaria de cuentas de argentinos que est\u00e9n radicadas en ese pa\u00eds centroamericano, y de paname\u00f1os radicados en Argentina &nbsp; &nbsp; &nbsp; &nbsp; &nbsp; As\u00ed se dispuso luego de la firma de un acuerdo entre el director de la AFIP, Alberto Abad, el viceministro de Relaciones Exteriores de Panam\u00e1, Luis Miguel Hincapi\u00e9, y funcionarios de la Direcci\u00f3n General de Ingresos de ese pa\u00eds, inform\u00f3 el organismo recaudador argentino a trav\u00e9s de&#8230;<\/p>\n","protected":false},"author":3,"featured_media":12323,"comment_status":"closed","ping_status":"closed","sticky":false,"template":"","format":"standard","meta":[],"categories":[2],"tags":[],"_links":{"self":[{"href":"https:\/\/www.actualidadadiario.com\/index.php\/wp-json\/wp\/v2\/posts\/12322"}],"collection":[{"href":"https:\/\/www.actualidadadiario.com\/index.php\/wp-json\/wp\/v2\/posts"}],"about":[{"href":"https:\/\/www.actualidadadiario.com\/index.php\/wp-json\/wp\/v2\/types\/post"}],"author":[{"embeddable":true,"href":"https:\/\/www.actualidadadiario.com\/index.php\/wp-json\/wp\/v2\/users\/3"}],"replies":[{"embeddable":true,"href":"https:\/\/www.actualidadadiario.com\/index.php\/wp-json\/wp\/v2\/comments?post=12322"}],"version-history":[{"count":1,"href":"https:\/\/www.actualidadadiario.com\/index.php\/wp-json\/wp\/v2\/posts\/12322\/revisions"}],"predecessor-version":[{"id":12324,"href":"https:\/\/www.actualidadadiario.com\/index.php\/wp-json\/wp\/v2\/posts\/12322\/revisions\/12324"}],"wp:featuredmedia":[{"embeddable":true,"href":"https:\/\/www.actualidadadiario.com\/index.php\/wp-json\/wp\/v2\/media\/12323"}],"wp:attachment":[{"href":"https:\/\/www.actualidadadiario.com\/index.php\/wp-json\/wp\/v2\/media?parent=12322"}],"wp:term":[{"taxonomy":"category","embeddable":true,"href":"https:\/\/www.actualidadadiario.com\/index.php\/wp-json\/wp\/v2\/categories?post=12322"},{"taxonomy":"post_tag","embeddable":true,"href":"https:\/\/www.actualidadadiario.com\/index.php\/wp-json\/wp\/v2\/tags?post=12322"}],"curies":[{"name":"wp","href":"https:\/\/api.w.org\/{rel}","templated":true}]}}