{"id":12319,"date":"2017-05-31T09:52:12","date_gmt":"2017-05-31T12:52:12","guid":{"rendered":"http:\/\/actualidadadiario.com\/site\/?p=12319"},"modified":"2017-05-31T09:52:12","modified_gmt":"2017-05-31T12:52:12","slug":"declaran-el-estado-de-desastre-en-zona-frutihorticola-de-cordoba","status":"publish","type":"post","link":"https:\/\/www.actualidadadiario.com\/index.php\/2017\/05\/31\/declaran-el-estado-de-desastre-en-zona-frutihorticola-de-cordoba\/","title":{"rendered":"Declaran el estado de desastre en zona frutihort\u00edcola de C\u00f3rdoba"},"content":{"rendered":"<p><em><strong>Fue muy afectada por el granizo. Afecta puntualmente al cintur\u00f3n verde de la capital de la provincia mediterr\u00e1nea y a zonas aleda\u00f1as<\/strong><\/em><\/p>\n<p>&nbsp;<\/p>\n<p>&nbsp;<\/p>\n<p>&nbsp;<\/p>\n<p>&nbsp;<\/p>\n<p>El gobierno de Juan Schiaretti declar\u00f3 este martes el estado de desastre agr\u00edcola para la zona noreste del cintur\u00f3n verde de la capital provincial y en localidades aleda\u00f1as por el temporal de granizo que afect\u00f3 a la zona este mes.<\/p>\n<p>&nbsp;<\/p>\n<p>Al tomar en cuenta los da\u00f1os registrados en la producci\u00f3n frutihort\u00edcola como consecuencia del temporal de lluvia y granizo registrado el 18 de mayo pasado, la administraci\u00f3n provincial pondr\u00e1 en marcha el Fondo Permanente para Atenci\u00f3n de Situaciones de Desastre, con lo que asistir\u00e1 a los productores.<\/p>\n<p>&nbsp;<\/p>\n<p>La decisi\u00f3n de la gesti\u00f3n Schiaretti fue oficializada este martes a trav\u00e9s del decreto 682 publicado en el Bolet\u00edn Oficial provincial.<\/p>\n<p>&nbsp;<\/p>\n<p>El &#8220;desastre&#8221; alcanza las zonas de cultivos del cintur\u00f3n verde ubicadas en Villa Esqui\u00fa, Villa Retiro, El Vergel y El Quebrachal, adem\u00e1s de las localidades de Colonia Tirolesa, Monte Cristo y R\u00edo Primero.<\/p>\n<p>&nbsp;<\/p>\n<p>A partir de la medida oficial, se activar\u00e1 el Fondo Permanente para Atenci\u00f3n de Situaciones de Desastre para asistir a los productores damnificados.<\/p>\n","protected":false},"excerpt":{"rendered":"<p>Fue muy afectada por el granizo. Afecta puntualmente al cintur\u00f3n verde de la capital de la provincia mediterr\u00e1nea y a zonas aleda\u00f1as &nbsp; &nbsp; &nbsp; &nbsp; El gobierno de Juan Schiaretti declar\u00f3 este martes el estado de desastre agr\u00edcola para la zona noreste del cintur\u00f3n verde de la capital provincial y en localidades aleda\u00f1as por el temporal de granizo que afect\u00f3 a la zona este mes. &nbsp; Al tomar en cuenta los da\u00f1os registrados en la producci\u00f3n frutihort\u00edcola como consecuencia del temporal de lluvia y granizo registrado el 18 de&#8230;<\/p>\n","protected":false},"author":3,"featured_media":12320,"comment_status":"closed","ping_status":"closed","sticky":false,"template":"","format":"standard","meta":[],"categories":[2],"tags":[],"_links":{"self":[{"href":"https:\/\/www.actualidadadiario.com\/index.php\/wp-json\/wp\/v2\/posts\/12319"}],"collection":[{"href":"https:\/\/www.actualidadadiario.com\/index.php\/wp-json\/wp\/v2\/posts"}],"about":[{"href":"https:\/\/www.actualidadadiario.com\/index.php\/wp-json\/wp\/v2\/types\/post"}],"author":[{"embeddable":true,"href":"https:\/\/www.actualidadadiario.com\/index.php\/wp-json\/wp\/v2\/users\/3"}],"replies":[{"embeddable":true,"href":"https:\/\/www.actualidadadiario.com\/index.php\/wp-json\/wp\/v2\/comments?post=12319"}],"version-history":[{"count":1,"href":"https:\/\/www.actualidadadiario.com\/index.php\/wp-json\/wp\/v2\/posts\/12319\/revisions"}],"predecessor-version":[{"id":12321,"href":"https:\/\/www.actualidadadiario.com\/index.php\/wp-json\/wp\/v2\/posts\/12319\/revisions\/12321"}],"wp:featuredmedia":[{"embeddable":true,"href":"https:\/\/www.actualidadadiario.com\/index.php\/wp-json\/wp\/v2\/media\/12320"}],"wp:attachment":[{"href":"https:\/\/www.actualidadadiario.com\/index.php\/wp-json\/wp\/v2\/media?parent=12319"}],"wp:term":[{"taxonomy":"category","embeddable":true,"href":"https:\/\/www.actualidadadiario.com\/index.php\/wp-json\/wp\/v2\/categories?post=12319"},{"taxonomy":"post_tag","embeddable":true,"href":"https:\/\/www.actualidadadiario.com\/index.php\/wp-json\/wp\/v2\/tags?post=12319"}],"curies":[{"name":"wp","href":"https:\/\/api.w.org\/{rel}","templated":true}]}}