{"id":12316,"date":"2017-05-31T09:51:24","date_gmt":"2017-05-31T12:51:24","guid":{"rendered":"http:\/\/actualidadadiario.com\/site\/?p=12316"},"modified":"2017-05-31T09:51:24","modified_gmt":"2017-05-31T12:51:24","slug":"colapso-la-exposicion-que-ofrecia-10-000-puestos-de-trabajo-fueron-350-000-jovenes","status":"publish","type":"post","link":"https:\/\/www.actualidadadiario.com\/index.php\/2017\/05\/31\/colapso-la-exposicion-que-ofrecia-10-000-puestos-de-trabajo-fueron-350-000-jovenes\/","title":{"rendered":"Colaps\u00f3 la exposici\u00f3n que ofrec\u00eda 10.000 puestos de trabajo: fueron 350.000 j\u00f3venes"},"content":{"rendered":"<p><em><strong>M\u00e1s de 200 empresas participan de la Expo Empleo Joven en la Rural organizada por el Gobierno porte\u00f1o. Hubo largas filas para poder entrar y muchas quejas. Macri asisti\u00f3 a la inauguraci\u00f3n<\/strong><\/em><\/p>\n<p>&nbsp;<\/p>\n<p>&nbsp;<\/p>\n<p>&nbsp;<\/p>\n<p>&nbsp;<\/p>\n<p>Unas 350 mil personas hicieron este martes largas filas desde temprano para poder formar parte de algunas de las 10.000 ofertas laborales que tiene Expo Empleo Joven en el predio de La Rural, durante su inauguraci\u00f3n.<\/p>\n<p>&nbsp;<\/p>\n<p>M\u00e1s de 200 empresas participan de este evento, que se llevar\u00e1 a cabo en ese predio del barrio porte\u00f1o de Palermo entre martes y mi\u00e9rcoles para j\u00f3venes de entre 18 y 29 a\u00f1os.<\/p>\n<p>&nbsp;<\/p>\n<p>La oferta de 10 mil puestos de trabajo result\u00f3 ser escasa, ya que unos 350 mil chicos hicieron largas colas para poder contar con su oportunidad laboral.<\/p>\n<p>&nbsp;<\/p>\n<p>La fila se extendi\u00f3 por tres cuadras a lo largo de la avenida Santa Fe, la cual se vio poblada desde temprano por j\u00f3venes que esperaban la apertura de las puertas desde las 10:00 para luego partir con una bolsa ecol\u00f3gica y una lapicera amarilla como souvenir.<\/p>\n<p>&nbsp;<\/p>\n<p>Algunas de las personas que asistieron al encuentro se quejaron de la organizaci\u00f3n, mientras cuestionaron que muchas empresas directamente solicitaban el curr\u00edculum v\u00edtae &#8220;online&#8221;.<\/p>\n<p>&nbsp;<\/p>\n<p>Para acotar la distancia de ingreso, algunos j\u00f3venes optaron por realizar una preinscripci\u00f3n por internet lo cual les permiti\u00f3 hacer una fila alternativa, que descontaba algunos minutos de espera.<\/p>\n<p>&nbsp;<\/p>\n<p>El vicejefe de Gobierno porte\u00f1o y responsable de la organizaci\u00f3n de la exposici\u00f3n a trav\u00e9s de la Direcci\u00f3n General de Pol\u00edticas de la Juventud, Diego Santilli, destac\u00f3: &#8220;Generar empleo genuino y de calidad es uno de nuestros desaf\u00edos y lo hacemos en conjunto entre el sector p\u00fablico y el privado.<\/p>\n<p>&nbsp;<\/p>\n<p>&#8220;Este a\u00f1o se triplicaron las oportunidades laborales y contaremos con 10.000&#8221;, se\u00f1al\u00f3 el funcionario.<\/p>\n<p>&nbsp;<\/p>\n<p>Antes de la inauguraci\u00f3n de Expo Empleo Joven, Santilli inform\u00f3 que &#8220;habr\u00e1 200 empresas l\u00edderes a la b\u00fasqueda del talento de j\u00f3venes, que podr\u00e1n concretar el sue\u00f1o de insertarse en el mundo laboral&#8221;.<\/p>\n<p>&nbsp;<\/p>\n<p>Todos aquellos que decidan participar tendr\u00e1n la oportunidad de acercar sus CV\u2019s, recibir informaci\u00f3n sobre las b\u00fasquedas que ofrecer\u00e1n las empresas y las oportunidades de inserci\u00f3n laboral, tanto en las diferentes \u00e1reas del Gobierno porte\u00f1o como en organizaciones de la sociedad civil.<\/p>\n<p>&nbsp;<\/p>\n<p>&nbsp;<\/p>\n<p><strong>Macri particip\u00f3 de la inauguraci\u00f3n<\/strong><\/p>\n<p>El presidente Mauricio Macri particip\u00f3 de la inauguraci\u00f3n de la Expo Empleo Joven 2017 junto al ministro de Trabajo Jorge Triaca, el jefe de Gobierno porte\u00f1o, Horacio Rodr\u00edguez Larreta y Santilli. En su discurso, el l\u00edder del PRO advirti\u00f3 a los j\u00f3venes asistentes sobre &#8220;la velocidad con que se destruyen los empleos tradicionales&#8221; a partir del desarrollo de la rob\u00f3tica y la inteligencia artificial, pero subray\u00f3 que &#8220;tambi\u00e9n se est\u00e1n creando nuevos&#8221; puestos.<\/p>\n<p>&nbsp;<\/p>\n<p>Ante ese panorama, el jefe de Estado remarc\u00f3 que &#8220;el secreto de hoy es no dejar de capacitarse, siempre tener inquietudes&#8221;, y agreg\u00f3: &#8220;Lo que m\u00e1s te hace sentir joven es que te puedas renovar, seguir aprendiendo cosas&#8221;.<\/p>\n<p>&nbsp;<\/p>\n<p>Macri afirm\u00f3 que &#8220;lo que levanta la autoestima es el trabajo&#8221; y pidi\u00f3 &#8220;ser serios&#8221; y cumplir con los compromisos asumidos.<\/p>\n<p>&nbsp;<\/p>\n<p>&#8220;Hay que ser serios. A la hora en la que uno se compromete con algo hay que cumplirlo&#8221;, destac\u00f3 Macri, quien reclam\u00f3 esa actitud para que &#8220;nunca m\u00e1s digan que la Argentina incumple&#8221;.<\/p>\n<p>&nbsp;<\/p>\n<p>Asimismo, el Presidente manifest\u00f3 que &#8220;los regalos no desarrollan esa dignidad y presencia que generan el saber que uno es protagonista&#8221; a trav\u00e9s de su trabajo.<\/p>\n","protected":false},"excerpt":{"rendered":"<p>M\u00e1s de 200 empresas participan de la Expo Empleo Joven en la Rural organizada por el Gobierno porte\u00f1o. Hubo largas filas para poder entrar y muchas quejas. Macri asisti\u00f3 a la inauguraci\u00f3n &nbsp; &nbsp; &nbsp; &nbsp; Unas 350 mil personas hicieron este martes largas filas desde temprano para poder formar parte de algunas de las 10.000 ofertas laborales que tiene Expo Empleo Joven en el predio de La Rural, durante su inauguraci\u00f3n. &nbsp; M\u00e1s de 200 empresas participan de este evento, que se llevar\u00e1 a cabo en ese predio del&#8230;<\/p>\n","protected":false},"author":3,"featured_media":12317,"comment_status":"closed","ping_status":"closed","sticky":false,"template":"","format":"standard","meta":[],"categories":[2],"tags":[],"_links":{"self":[{"href":"https:\/\/www.actualidadadiario.com\/index.php\/wp-json\/wp\/v2\/posts\/12316"}],"collection":[{"href":"https:\/\/www.actualidadadiario.com\/index.php\/wp-json\/wp\/v2\/posts"}],"about":[{"href":"https:\/\/www.actualidadadiario.com\/index.php\/wp-json\/wp\/v2\/types\/post"}],"author":[{"embeddable":true,"href":"https:\/\/www.actualidadadiario.com\/index.php\/wp-json\/wp\/v2\/users\/3"}],"replies":[{"embeddable":true,"href":"https:\/\/www.actualidadadiario.com\/index.php\/wp-json\/wp\/v2\/comments?post=12316"}],"version-history":[{"count":1,"href":"https:\/\/www.actualidadadiario.com\/index.php\/wp-json\/wp\/v2\/posts\/12316\/revisions"}],"predecessor-version":[{"id":12318,"href":"https:\/\/www.actualidadadiario.com\/index.php\/wp-json\/wp\/v2\/posts\/12316\/revisions\/12318"}],"wp:featuredmedia":[{"embeddable":true,"href":"https:\/\/www.actualidadadiario.com\/index.php\/wp-json\/wp\/v2\/media\/12317"}],"wp:attachment":[{"href":"https:\/\/www.actualidadadiario.com\/index.php\/wp-json\/wp\/v2\/media?parent=12316"}],"wp:term":[{"taxonomy":"category","embeddable":true,"href":"https:\/\/www.actualidadadiario.com\/index.php\/wp-json\/wp\/v2\/categories?post=12316"},{"taxonomy":"post_tag","embeddable":true,"href":"https:\/\/www.actualidadadiario.com\/index.php\/wp-json\/wp\/v2\/tags?post=12316"}],"curies":[{"name":"wp","href":"https:\/\/api.w.org\/{rel}","templated":true}]}}