{"id":12310,"date":"2017-05-31T09:49:18","date_gmt":"2017-05-31T12:49:18","guid":{"rendered":"http:\/\/actualidadadiario.com\/site\/?p=12310"},"modified":"2017-05-31T09:49:18","modified_gmt":"2017-05-31T12:49:18","slug":"para-nielsen-el-gobierno-debe-moderarse-con-la-emision-de-deuda","status":"publish","type":"post","link":"https:\/\/www.actualidadadiario.com\/index.php\/2017\/05\/31\/para-nielsen-el-gobierno-debe-moderarse-con-la-emision-de-deuda\/","title":{"rendered":"Para Nielsen, el Gobierno debe &#8220;moderarse&#8221; con la emisi\u00f3n de deuda"},"content":{"rendered":"<p><em><strong>El ex secretario de Finanzas Guillermo Nielsen reclam\u00f3 este martes &#8220;moderaci\u00f3n&#8221; al Gobierno por el volumen de deuda que tom\u00f3, y consider\u00f3 que el presidente Mauricio Macri &#8220;no est\u00e1 rodeado de buenos economistas&#8221;<\/strong><\/em><\/p>\n<p>&nbsp;<\/p>\n<p>&nbsp;<\/p>\n<p>&nbsp;<\/p>\n<p>&nbsp;<\/p>\n<p>Seg\u00fan el economista, &#8220;cuando la deuda crece a niveles como los que tenemos actualmente hay que llamarse a la moderaci\u00f3n. Sucede que frente a cambios en las situaciones internacionales, es muy f\u00e1cil que la deuda se vuelva insostenible&#8221;, alert\u00f3 el economista.<\/p>\n<p>&nbsp;<\/p>\n<p>Nielsen se\u00f1al\u00f3 en declaraciones radiales, adem\u00e1s, que Macri &#8220;no estuvo bien rodeado de economistas y contin\u00faa sin estar rodeado de buenos economistas. El problema es que no hay una mirada integradora ni gente con experiencia, entonces se la pasan en la pavada de los brotes verdes y el segundo semestre&#8221;.<\/p>\n<p>&nbsp;<\/p>\n<p>&#8220;Hay que bajar un cambio en la forma que se est\u00e1 manejando la pol\u00edtica econ\u00f3mica. La Argentina est\u00e1 pasada de rosca en materia de gasto p\u00fablico y presi\u00f3n tributaria&#8221;, enfatiz\u00f3.<\/p>\n<p>&nbsp;<\/p>\n<p>En ese sentido, el economista cuestion\u00f3 al Gobierno por tener &#8220;un frenes\u00ed por la obra p\u00fablica, que alguna es absolutamente necesaria, pero no hacerla toda junta al mismo tiempo&#8221;.<\/p>\n<p>&nbsp;<\/p>\n<p>Tambi\u00e9n, vaticin\u00f3 que &#8220;este a\u00f1o no se van a cumplir los objetivos de d\u00e9ficit fiscal y adem\u00e1s va a haber una cantidad importante de libramientos a impagos&#8221;.<\/p>\n<p>&nbsp;<\/p>\n<p>&#8220;No se van a pagar las obras que se est\u00e1n haciendo. A fin de a\u00f1o van a ir muy despacito o las van a parar porque hay un exceso gasto&#8221;, asegur\u00f3 Nielsen.<\/p>\n<p>&nbsp;<\/p>\n<p>Con el objetivo de combatir el robo de celulares, el Gobierno habilit\u00f3 un registro de usuarios. Los clientes prepagos (un 80 % del total) deben validar sus l\u00edneas y vincularlas con un c\u00f3digo \u00fanico que identifica a cada tel\u00e9fono. Eso permite bloquear los equipos ante una denuncia de robo.<\/p>\n","protected":false},"excerpt":{"rendered":"<p>El ex secretario de Finanzas Guillermo Nielsen reclam\u00f3 este martes &#8220;moderaci\u00f3n&#8221; al Gobierno por el volumen de deuda que tom\u00f3, y consider\u00f3 que el presidente Mauricio Macri &#8220;no est\u00e1 rodeado de buenos economistas&#8221; &nbsp; &nbsp; &nbsp; &nbsp; Seg\u00fan el economista, &#8220;cuando la deuda crece a niveles como los que tenemos actualmente hay que llamarse a la moderaci\u00f3n. Sucede que frente a cambios en las situaciones internacionales, es muy f\u00e1cil que la deuda se vuelva insostenible&#8221;, alert\u00f3 el economista. &nbsp; Nielsen se\u00f1al\u00f3 en declaraciones radiales, adem\u00e1s, que Macri &#8220;no estuvo bien&#8230;<\/p>\n","protected":false},"author":3,"featured_media":12311,"comment_status":"closed","ping_status":"closed","sticky":false,"template":"","format":"standard","meta":[],"categories":[18],"tags":[],"_links":{"self":[{"href":"https:\/\/www.actualidadadiario.com\/index.php\/wp-json\/wp\/v2\/posts\/12310"}],"collection":[{"href":"https:\/\/www.actualidadadiario.com\/index.php\/wp-json\/wp\/v2\/posts"}],"about":[{"href":"https:\/\/www.actualidadadiario.com\/index.php\/wp-json\/wp\/v2\/types\/post"}],"author":[{"embeddable":true,"href":"https:\/\/www.actualidadadiario.com\/index.php\/wp-json\/wp\/v2\/users\/3"}],"replies":[{"embeddable":true,"href":"https:\/\/www.actualidadadiario.com\/index.php\/wp-json\/wp\/v2\/comments?post=12310"}],"version-history":[{"count":1,"href":"https:\/\/www.actualidadadiario.com\/index.php\/wp-json\/wp\/v2\/posts\/12310\/revisions"}],"predecessor-version":[{"id":12312,"href":"https:\/\/www.actualidadadiario.com\/index.php\/wp-json\/wp\/v2\/posts\/12310\/revisions\/12312"}],"wp:featuredmedia":[{"embeddable":true,"href":"https:\/\/www.actualidadadiario.com\/index.php\/wp-json\/wp\/v2\/media\/12311"}],"wp:attachment":[{"href":"https:\/\/www.actualidadadiario.com\/index.php\/wp-json\/wp\/v2\/media?parent=12310"}],"wp:term":[{"taxonomy":"category","embeddable":true,"href":"https:\/\/www.actualidadadiario.com\/index.php\/wp-json\/wp\/v2\/categories?post=12310"},{"taxonomy":"post_tag","embeddable":true,"href":"https:\/\/www.actualidadadiario.com\/index.php\/wp-json\/wp\/v2\/tags?post=12310"}],"curies":[{"name":"wp","href":"https:\/\/api.w.org\/{rel}","templated":true}]}}