{"id":123,"date":"2016-08-12T10:23:00","date_gmt":"2016-08-12T13:23:00","guid":{"rendered":"http:\/\/actualidadadiario.com\/site\/?p=123"},"modified":"2016-08-22T10:23:49","modified_gmt":"2016-08-22T13:23:49","slug":"se-hara-una-audiencia-publica-por-la-construccion-de-una-estacion-transformadora-en-federacion","status":"publish","type":"post","link":"https:\/\/www.actualidadadiario.com\/index.php\/2016\/08\/12\/se-hara-una-audiencia-publica-por-la-construccion-de-una-estacion-transformadora-en-federacion\/","title":{"rendered":"Se har\u00e1 una audiencia p\u00fablica por la construcci\u00f3n de una Estaci\u00f3n Transformadora en Federaci\u00f3n"},"content":{"rendered":"<p style=\"line-height: 15.0pt; background: white; margin: 0cm 0cm 7.5pt 0cm;\"><em><b><span style=\"font-size: 8.5pt; font-family: 'Verdana','sans-serif'; background: white;\">El Ente Provincial Regulador de la Energ\u00eda (EPRE) convoc\u00f3 a una audiencia p\u00fablica a fin de analizar el pedido de Enersa para construir una Estaci\u00f3n Transformadora (ET) en la ciudad de Federaci\u00f3n. Ser\u00e1 el 7 de septiembre a las 12 en el Centro C\u00edvico Sal\u00f3n de los Escudos de esa ciudad<\/span><\/b><\/em><\/p>\n<p style=\"line-height: 15.0pt; background: white; margin: 0cm 0cm 7.5pt 0cm;\"><b><span style=\"font-size: 8.5pt; font-family: 'Verdana','sans-serif'; background: white;\">\u00a0<\/span><\/b><\/p>\n<p style=\"line-height: 15.0pt; background: white; margin: 0cm 0cm 7.5pt 0cm;\"><b><span style=\"font-size: 8.5pt; font-family: 'Verdana','sans-serif'; background: white;\">\u00a0<\/span><\/b><\/p>\n<p style=\"line-height: 15.0pt; background: white; margin: 0cm 0cm 7.5pt 0cm;\"><span style=\"font-size: 8.5pt; font-family: 'Verdana','sans-serif'; background: white;\">Enersa solicit\u00f3 al EPRE que le otorgue el Certificado de Conveniencia y Necesidad P\u00fablica para la construcci\u00f3n de una ET de 132 kW Federaci\u00f3n. Es que toda obra que involucre tal nivel de tensi\u00f3n, previo a su concreci\u00f3n, requiere la obtenci\u00f3n de ese certificado.<\/span><span style=\"font-size: 8.5pt; font-family: 'Verdana','sans-serif';\"><br style=\"font-variant-ligatures: normal; font-variant-caps: normal; orphans: 2; text-align: start; widows: 2; -webkit-text-stroke-width: 0px; word-spacing: 0px;\" \/> <br style=\"font-variant-ligatures: normal; font-variant-caps: normal; orphans: 2; text-align: start; widows: 2; -webkit-text-stroke-width: 0px; word-spacing: 0px;\" \/> <span style=\"background: white;\"><span style=\"font-variant-ligatures: normal; font-variant-caps: normal; orphans: 2; text-align: start; widows: 2; -webkit-text-stroke-width: 0px; float: none; word-spacing: 0px;\">Seg\u00fan inform\u00f3 Enersa, el proyecto completo incluye tambi\u00e9n campos de transformadores de potencia, transformadores de potencia, equipamientos y obras en 33 y 13,2 kW. La ubicaci\u00f3n del terreno destinado a la ET es la esquina de las calles 1621 y 1010.<\/span><\/span><br style=\"font-variant-ligatures: normal; font-variant-caps: normal; orphans: 2; text-align: start; widows: 2; -webkit-text-stroke-width: 0px; word-spacing: 0px;\" \/> <br style=\"font-variant-ligatures: normal; font-variant-caps: normal; orphans: 2; text-align: start; widows: 2; -webkit-text-stroke-width: 0px; word-spacing: 0px;\" \/> <span style=\"background: white;\"><span style=\"font-variant-ligatures: normal; font-variant-caps: normal; orphans: 2; text-align: start; widows: 2; -webkit-text-stroke-width: 0px; float: none; word-spacing: 0px;\">A trav\u00e9s de la Resoluci\u00f3n N\u00ba 94, el Ente encabezado por Marcos Rodr\u00edguez Allende convoc\u00f3 a audiencia p\u00fablica, que se realizar\u00e1 el mi\u00e9rcoles 7 de septiembre a las 12 en el Centro C\u00edvico Sal\u00f3n de los Escudos, sito en Avenida San Mart\u00edn y Las Hortensias de la ciudad de Federaci\u00f3n.<\/span><\/span><br style=\"font-variant-ligatures: normal; font-variant-caps: normal; orphans: 2; text-align: start; widows: 2; -webkit-text-stroke-width: 0px; word-spacing: 0px;\" \/> <br style=\"font-variant-ligatures: normal; font-variant-caps: normal; orphans: 2; text-align: start; widows: 2; -webkit-text-stroke-width: 0px; word-spacing: 0px;\" \/> <span style=\"background: white;\"><span style=\"font-variant-ligatures: normal; font-variant-caps: normal; orphans: 2; text-align: start; widows: 2; -webkit-text-stroke-width: 0px; float: none; word-spacing: 0px;\">Adem\u00e1s design\u00f3 como instructores al doctor Alejandro Almar\u00e1 y al ingeniero Miguel Mc Cormick. En tanto, invit\u00f3 al Colegio de Abogados de Entre R\u00edos y al Colegio de Ingenieros Especialistas de Entre R\u00edos, para que propongan profesionales del Derecho y de la Ingenier\u00eda, respectivamente, para que act\u00faen como Defensores de los Usuarios.<\/span><\/span><br style=\"font-variant-ligatures: normal; font-variant-caps: normal; orphans: 2; text-align: start; widows: 2; -webkit-text-stroke-width: 0px; word-spacing: 0px;\" \/> <br style=\"font-variant-ligatures: normal; font-variant-caps: normal; orphans: 2; text-align: start; widows: 2; -webkit-text-stroke-width: 0px; word-spacing: 0px;\" \/> <span style=\"background: white;\"><span style=\"font-variant-ligatures: normal; font-variant-caps: normal; orphans: 2; text-align: start; widows: 2; -webkit-text-stroke-width: 0px; float: none; word-spacing: 0px;\">Tambi\u00e9n notific\u00f3 a Enersa, al intendente de Federaci\u00f3n, Carlos Cecco, al Concejo Deliberante de la Municipalidad de Federaci\u00f3n, al Se\u00f1or Ministro de Planeamiento, Infraestructura y Servicios de la Provincia, a los Se\u00f1ores Secretarios Provinciales de Medio Ambiente y de Energ\u00eda, respectivamente.<span class=\"apple-converted-space\">\u00a0<\/span><\/span><\/span><\/span><\/p>\n","protected":false},"excerpt":{"rendered":"<p>El Ente Provincial Regulador de la Energ\u00eda (EPRE) convoc\u00f3 a una audiencia p\u00fablica a fin de analizar el pedido de Enersa para construir una Estaci\u00f3n Transformadora (ET) en la ciudad de Federaci\u00f3n. Ser\u00e1 el 7 de septiembre a las 12 en el Centro C\u00edvico Sal\u00f3n de los Escudos de esa ciudad \u00a0 \u00a0 Enersa solicit\u00f3 al EPRE que le otorgue el Certificado de Conveniencia y Necesidad P\u00fablica para la construcci\u00f3n de una ET de 132 kW Federaci\u00f3n. Es que toda obra que involucre tal nivel de tensi\u00f3n, previo a su&#8230;<\/p>\n","protected":false},"author":3,"featured_media":124,"comment_status":"closed","ping_status":"open","sticky":false,"template":"","format":"standard","meta":[],"categories":[15],"tags":[],"_links":{"self":[{"href":"https:\/\/www.actualidadadiario.com\/index.php\/wp-json\/wp\/v2\/posts\/123"}],"collection":[{"href":"https:\/\/www.actualidadadiario.com\/index.php\/wp-json\/wp\/v2\/posts"}],"about":[{"href":"https:\/\/www.actualidadadiario.com\/index.php\/wp-json\/wp\/v2\/types\/post"}],"author":[{"embeddable":true,"href":"https:\/\/www.actualidadadiario.com\/index.php\/wp-json\/wp\/v2\/users\/3"}],"replies":[{"embeddable":true,"href":"https:\/\/www.actualidadadiario.com\/index.php\/wp-json\/wp\/v2\/comments?post=123"}],"version-history":[{"count":1,"href":"https:\/\/www.actualidadadiario.com\/index.php\/wp-json\/wp\/v2\/posts\/123\/revisions"}],"predecessor-version":[{"id":125,"href":"https:\/\/www.actualidadadiario.com\/index.php\/wp-json\/wp\/v2\/posts\/123\/revisions\/125"}],"wp:featuredmedia":[{"embeddable":true,"href":"https:\/\/www.actualidadadiario.com\/index.php\/wp-json\/wp\/v2\/media\/124"}],"wp:attachment":[{"href":"https:\/\/www.actualidadadiario.com\/index.php\/wp-json\/wp\/v2\/media?parent=123"}],"wp:term":[{"taxonomy":"category","embeddable":true,"href":"https:\/\/www.actualidadadiario.com\/index.php\/wp-json\/wp\/v2\/categories?post=123"},{"taxonomy":"post_tag","embeddable":true,"href":"https:\/\/www.actualidadadiario.com\/index.php\/wp-json\/wp\/v2\/tags?post=123"}],"curies":[{"name":"wp","href":"https:\/\/api.w.org\/{rel}","templated":true}]}}