{"id":12298,"date":"2017-05-31T09:45:03","date_gmt":"2017-05-31T12:45:03","guid":{"rendered":"http:\/\/actualidadadiario.com\/site\/?p=12298"},"modified":"2017-05-31T09:45:03","modified_gmt":"2017-05-31T12:45:03","slug":"el-rio-parana-llegaria-al-nivel-de-alerta-en-entre-rios","status":"publish","type":"post","link":"https:\/\/www.actualidadadiario.com\/index.php\/2017\/05\/31\/el-rio-parana-llegaria-al-nivel-de-alerta-en-entre-rios\/","title":{"rendered":"El r\u00edo Paran\u00e1 llegar\u00eda al nivel de alerta en Entre R\u00edos"},"content":{"rendered":"<p><em><strong>Hacia el fin de semana ingresar\u00eda la onda de crecida en la costa entrerriana. Los posibles efectos de la corriente del Ni\u00f1o incidir\u00edan tambi\u00e9n en la altura de este r\u00edo, hacia mediados del invierno, algo que no es habitual<\/strong><\/em><\/p>\n<p>&nbsp;<\/p>\n<p>&nbsp;<\/p>\n<p>&nbsp;<\/p>\n<p>Los posibles efectos de la corriente del Ni\u00f1o incidir\u00edan tambi\u00e9n en la altura de este r\u00edo, hacia mediados del invierno, un fen\u00f3meno alejado de lo que habitualmente acontece en esa estaci\u00f3n del a\u00f1o. En el marco de una crecida &#8220;ordinaria&#8221;, el r\u00edo Paran\u00e1 presenta por estas horas el pico m\u00e1ximo en Corrientes, con una altura de entre 70 cent\u00edmetros y un metro por encima de la media.<\/p>\n<p>&nbsp;<\/p>\n<p>Las previsiones de organismos oficiales permiten estimar que en cuatro o cinco d\u00edas, esos niveles se presentar\u00edan en los puertos de Entre R\u00edos, ubic\u00e1ndose cercanos al nivel de alerta que en el caso del puerto local se ubica en los 4,70. Ayer estaba en 4,40 metros.<\/p>\n<p>&nbsp;<\/p>\n<p>En consecuencia, hacia el fin de semana ingresar\u00eda la onda de crecida en la costa entrerriana y no se descarta que la altura se pudiera ubicar rondando el nivel de alerta o por encima del mismo. Si bien no se pudo obtener certeza del comportamiento frente a cada punto del curso de agua frente a estas costas, en La Paz podr\u00edan registrarse los mayores inconvenientes.<\/p>\n","protected":false},"excerpt":{"rendered":"<p>Hacia el fin de semana ingresar\u00eda la onda de crecida en la costa entrerriana. Los posibles efectos de la corriente del Ni\u00f1o incidir\u00edan tambi\u00e9n en la altura de este r\u00edo, hacia mediados del invierno, algo que no es habitual &nbsp; &nbsp; &nbsp; Los posibles efectos de la corriente del Ni\u00f1o incidir\u00edan tambi\u00e9n en la altura de este r\u00edo, hacia mediados del invierno, un fen\u00f3meno alejado de lo que habitualmente acontece en esa estaci\u00f3n del a\u00f1o. En el marco de una crecida &#8220;ordinaria&#8221;, el r\u00edo Paran\u00e1 presenta por estas horas el&#8230;<\/p>\n","protected":false},"author":3,"featured_media":12299,"comment_status":"closed","ping_status":"closed","sticky":false,"template":"","format":"standard","meta":[],"categories":[15],"tags":[],"_links":{"self":[{"href":"https:\/\/www.actualidadadiario.com\/index.php\/wp-json\/wp\/v2\/posts\/12298"}],"collection":[{"href":"https:\/\/www.actualidadadiario.com\/index.php\/wp-json\/wp\/v2\/posts"}],"about":[{"href":"https:\/\/www.actualidadadiario.com\/index.php\/wp-json\/wp\/v2\/types\/post"}],"author":[{"embeddable":true,"href":"https:\/\/www.actualidadadiario.com\/index.php\/wp-json\/wp\/v2\/users\/3"}],"replies":[{"embeddable":true,"href":"https:\/\/www.actualidadadiario.com\/index.php\/wp-json\/wp\/v2\/comments?post=12298"}],"version-history":[{"count":1,"href":"https:\/\/www.actualidadadiario.com\/index.php\/wp-json\/wp\/v2\/posts\/12298\/revisions"}],"predecessor-version":[{"id":12300,"href":"https:\/\/www.actualidadadiario.com\/index.php\/wp-json\/wp\/v2\/posts\/12298\/revisions\/12300"}],"wp:featuredmedia":[{"embeddable":true,"href":"https:\/\/www.actualidadadiario.com\/index.php\/wp-json\/wp\/v2\/media\/12299"}],"wp:attachment":[{"href":"https:\/\/www.actualidadadiario.com\/index.php\/wp-json\/wp\/v2\/media?parent=12298"}],"wp:term":[{"taxonomy":"category","embeddable":true,"href":"https:\/\/www.actualidadadiario.com\/index.php\/wp-json\/wp\/v2\/categories?post=12298"},{"taxonomy":"post_tag","embeddable":true,"href":"https:\/\/www.actualidadadiario.com\/index.php\/wp-json\/wp\/v2\/tags?post=12298"}],"curies":[{"name":"wp","href":"https:\/\/api.w.org\/{rel}","templated":true}]}}