{"id":122906,"date":"2024-11-19T15:25:29","date_gmt":"2024-11-19T18:25:29","guid":{"rendered":"https:\/\/www.actualidadadiario.com\/?p=122906"},"modified":"2024-11-19T15:25:29","modified_gmt":"2024-11-19T18:25:29","slug":"los-kids-pretos-la-misteriosa-organizacion-criminal-que-pretendia-asesinar-a-lula","status":"publish","type":"post","link":"https:\/\/www.actualidadadiario.com\/index.php\/2024\/11\/19\/los-kids-pretos-la-misteriosa-organizacion-criminal-que-pretendia-asesinar-a-lula\/","title":{"rendered":"Los &#8216;Kids pretos&#8217;, la misteriosa organizaci\u00f3n criminal que pretend\u00eda asesinar a Lula"},"content":{"rendered":"<p style=\"text-align: center;\"><em><strong>El grupo fue desmantelado y ten\u00eda entre sus cometidos las muertes del vicepresidente de Brasil y de un magistrado del Supremo<\/strong><\/em><\/p>\n<p>&nbsp;<\/p>\n<p>&nbsp;<\/p>\n<p>La Polic\u00eda de Brasil desmantel\u00f3 la organizaci\u00f3n criminal con entrenamiento de fuerzas especiales que pretend\u00eda ejecutar un golpe de Estado y asesinar al presidente Luiz In\u00e1cio Lula da Silva, antes de que se posesionara del cargo, entre noviembre y diciembre de 2022.<\/p>\n<p>En la llamada &#8216;Operaci\u00f3n Contragolpe&#8217;, las autoridades detuvieron de manera preventiva a cuatro militares retirados y a un polic\u00eda, detalla O Globo. Ese grupo era integrante de los llamados &#8216;Kids pretos&#8217; (Ni\u00f1os negros), como son apodados en el Ej\u00e9rcito a los militares activos o de reserva que participan en operaciones militares especiales y que usan un gorro negro, recoge G1.<\/p>\n<p>Esta organizaci\u00f3n pose\u00eda un &#8220;alto nivel de conocimientos t\u00e9cnicos y militares para planificar, coordinar y ejecutar acciones il\u00edcitas&#8221; y pretend\u00eda materializar el plan llamado &#8216;Pu\u00f1al verde y amarillo&#8217;, el 15 de diciembre de 2022, dos semanas antes de que Lula fuera juramentado como mandatario por tercera vez.<\/p>\n<p>La operaci\u00f3n contemplaba los magnicidios de Lula, del vicepresidente Geraldo Alckmin y del ministro Alexandre de Moraes, del Tribunal Supremo Federal (STF), seg\u00fan inform\u00f3 la Polic\u00eda.<\/p>\n<p>&nbsp;<\/p>\n<p><strong>Los &#8216;Kids pretos&#8217;<\/strong><\/p>\n<p>Los &#8216;Kids pretos&#8217; pretend\u00edan cometer los magnicidios luego de que el entonces presidente Jair Bolsonaro perdiera las elecciones de octubre de 2022, de acuerdo con el citado medio.<\/p>\n<p>Tras los ataques del 8 de enero de 2023 a las sedes de los tres poderes en Brasilia, las autoridades pusieron el foco en la primera l\u00ednea de los manifestantes.<\/p>\n<p>A los investigadores les llam\u00f3 la atenci\u00f3n su detallada organizaci\u00f3n de la ofensiva para romper los bloqueos policiales, las precisas instrucciones que dieron para que el resto entrara por el techo y sus t\u00e9cnicas para mitigar el efecto de las bombas lacrim\u00f3genas.<\/p>\n<p>&nbsp;<\/p>\n<p><strong>\u00bfCu\u00e1les delitos se les imputan?<\/strong><\/p>\n<p>Estas personas son investigadas por los presuntos delitos de abolici\u00f3n violenta del Estado Democr\u00e1tico de Derecho, golpe de Estado y organizaci\u00f3n criminal.<\/p>\n<p>El operativo policial se llev\u00f3 a cabo en los estados de R\u00edo de Janeiro, Goi\u00e1s, Amazonas y el Distrito Federal.<\/p>\n<p>En total, se dictaron tres \u00f3rdenes de allanamiento e incautaci\u00f3n y se impusieron quince medidas cautelares distintas a la prisi\u00f3n, que incluyen prohibici\u00f3n de mantener contacto con los dem\u00e1s investigados, prohibici\u00f3n de salida del pa\u00eds, entrega de pasaportes en un lapso de 24 horas y suspensi\u00f3n del ejercicio de las funciones p\u00fablicas.<\/p>\n","protected":false},"excerpt":{"rendered":"<p>El grupo fue desmantelado y ten\u00eda entre sus cometidos las muertes del vicepresidente de Brasil y de un magistrado del Supremo &nbsp; &nbsp; La Polic\u00eda de Brasil desmantel\u00f3 la organizaci\u00f3n criminal con entrenamiento de fuerzas especiales que pretend\u00eda ejecutar un golpe de Estado y asesinar al presidente Luiz In\u00e1cio Lula da Silva, antes de que se posesionara del cargo, entre noviembre y diciembre de 2022. En la llamada &#8216;Operaci\u00f3n Contragolpe&#8217;, las autoridades detuvieron de manera preventiva a cuatro militares retirados y a un polic\u00eda, detalla O Globo. Ese grupo era&#8230;<\/p>\n","protected":false},"author":3,"featured_media":122907,"comment_status":"closed","ping_status":"closed","sticky":false,"template":"","format":"standard","meta":[],"categories":[4],"tags":[],"_links":{"self":[{"href":"https:\/\/www.actualidadadiario.com\/index.php\/wp-json\/wp\/v2\/posts\/122906"}],"collection":[{"href":"https:\/\/www.actualidadadiario.com\/index.php\/wp-json\/wp\/v2\/posts"}],"about":[{"href":"https:\/\/www.actualidadadiario.com\/index.php\/wp-json\/wp\/v2\/types\/post"}],"author":[{"embeddable":true,"href":"https:\/\/www.actualidadadiario.com\/index.php\/wp-json\/wp\/v2\/users\/3"}],"replies":[{"embeddable":true,"href":"https:\/\/www.actualidadadiario.com\/index.php\/wp-json\/wp\/v2\/comments?post=122906"}],"version-history":[{"count":1,"href":"https:\/\/www.actualidadadiario.com\/index.php\/wp-json\/wp\/v2\/posts\/122906\/revisions"}],"predecessor-version":[{"id":122908,"href":"https:\/\/www.actualidadadiario.com\/index.php\/wp-json\/wp\/v2\/posts\/122906\/revisions\/122908"}],"wp:featuredmedia":[{"embeddable":true,"href":"https:\/\/www.actualidadadiario.com\/index.php\/wp-json\/wp\/v2\/media\/122907"}],"wp:attachment":[{"href":"https:\/\/www.actualidadadiario.com\/index.php\/wp-json\/wp\/v2\/media?parent=122906"}],"wp:term":[{"taxonomy":"category","embeddable":true,"href":"https:\/\/www.actualidadadiario.com\/index.php\/wp-json\/wp\/v2\/categories?post=122906"},{"taxonomy":"post_tag","embeddable":true,"href":"https:\/\/www.actualidadadiario.com\/index.php\/wp-json\/wp\/v2\/tags?post=122906"}],"curies":[{"name":"wp","href":"https:\/\/api.w.org\/{rel}","templated":true}]}}