{"id":122900,"date":"2024-11-19T15:22:48","date_gmt":"2024-11-19T18:22:48","guid":{"rendered":"https:\/\/www.actualidadadiario.com\/?p=122900"},"modified":"2024-11-19T15:22:48","modified_gmt":"2024-11-19T18:22:48","slug":"la-emotiva-carta-de-roger-federer-a-rafael-nadal-antes-de-su-despedida-del-tenis","status":"publish","type":"post","link":"https:\/\/www.actualidadadiario.com\/index.php\/2024\/11\/19\/la-emotiva-carta-de-roger-federer-a-rafael-nadal-antes-de-su-despedida-del-tenis\/","title":{"rendered":"La emotiva carta de Roger Federer a Rafael Nadal antes de su despedida del tenis"},"content":{"rendered":"<p style=\"text-align: center;\"><em><strong>Hoy se espera que el espa\u00f1ol juegue su \u00faltimo partido de tenis en los cuartos de la fase final de la Copa Davis ante Pa\u00edses Bajos. En este marco, el suizo le dedic\u00f3 unas emotivas palabras<\/strong><\/em><\/p>\n<p>&nbsp;<\/p>\n<p>&nbsp;<\/p>\n<p>Una carta p\u00fablica que escribi\u00f3 el extenista suizo Roger Federer para su colega y rival espa\u00f1ol, Rafael Nadal, en la que le dedica grandes elogios y palabras de aliento de cara a la despedida de su carrera profesional se hizo viral en las redes sociales. Este martes a las 13 (hora de Argentina), Espa\u00f1a abrir\u00e1 los cuartos de la fase final de la Copa Davis ante Pa\u00edses Bajos, con la inc\u00f3gnita del papel que jugar\u00e1 &#8220;Rafa&#8221;.<\/p>\n<p>&#8220;\u00a1Vamos, Rafa!&#8221;, alent\u00f3 Federer a su amigo al comienzo de la carta, para luego se\u00f1alar que tiene &#8220;algunas cosas que compartir&#8221; con \u00e9l que podr\u00edan emocionarlo. Cabe recordar que las carreras profesionales del suizo y el espa\u00f1ol ocurrieron en paralelo en las \u00faltimas dos d\u00e9cadas, hasta la retirada del originario de Basilea en septiembre de 2022, en la Copa Laver en Londres.<\/p>\n<p>&#8220;Empecemos por lo obvio: me ganaste&#8230; mucho. M\u00e1s de lo que yo logr\u00e9 ganarte&#8221;, reconoci\u00f3 el extenista, y sigui\u00f3: &#8220;Me desafiaste de maneras que nadie m\u00e1s podr\u00eda. En arcilla, sent\u00ed que estaba entrando en tu patio interior, y me hiciste trabajar m\u00e1s duro de lo que jam\u00e1s pens\u00e9 que podr\u00eda hacerlo solo para mantenerme firme. Me hiciste reimaginar mi juego, incluso llegando tan lejos como para cambiar el tama\u00f1o de la cabeza de mi raqueta, esperando alguna ventaja&#8221;.<\/p>\n<p>En este sentido, Federer remarc\u00f3 que a pesar de no ser &#8220;una persona muy supersticiosa&#8221;, la forma de jugar de Nadal lo llev\u00f3 a considerar que exist\u00eda una suerte de m\u00edstica en su forma de actuar. Al respecto, explic\u00f3: &#8220;Todo tu proceso. Todos esos rituales. Juntar tus botellas de agua como soldados de juguete en formaci\u00f3n, arreglarte el cabello, ajustar tu ropa interior&#8230; Todo eso con la m\u00e1xima intensidad. En secreto, me encant\u00f3 todo el asunto. Porque era tan \u00fanico, era tan t\u00fa&#8221;, se\u00f1al\u00f3 el deportista. Sin embargo, reconoci\u00f3 con humor que no siempre fue un jolgorio: &#8220;Y sabes qu\u00e9, Rafa, hiciste que disfrutara el juego a\u00fan m\u00e1s, aunque tal vez no al principio&#8230;&#8221;.<\/p>\n<p>&#8220;Despu\u00e9s del Abierto de Australia de 2004, llegu\u00e9 al n\u00famero uno del mundo por primera vez. Pens\u00e9 que estaba en la cima del mundo. Y lo estaba, hasta dos meses despu\u00e9s, cuando entraste en la cancha de Miami con tu camiseta roja sin mangas, mostrando esos b\u00edceps, y me ganaste de manera convincente. Todo ese ruido que hab\u00eda estado escuchando sobre ti, sobre este incre\u00edble jugador joven de Mallorca, un talento generacional, que probablemente ganar\u00eda un Grand Slam alg\u00fan d\u00eda, no era solo publicidad&#8221;, record\u00f3.<\/p>\n<p>&#8220;Ambos est\u00e1bamos al comienzo de nuestro viaje, y es un viaje que terminamos haciendo juntos. Veinte a\u00f1os despu\u00e9s, Rafa, tengo que decir: \u00a1Qu\u00e9 incre\u00edble racha has tenido! Incluyendo 14 Roland Garros. \u00a1Hist\u00f3rico! Hiciste que Espa\u00f1a se sintiera orgullosa e hiciste que todo el mundo del tenis se sintiera orgulloso&#8221;, destac\u00f3 el suizo.<\/p>\n<p>Por otro lado, Federer se detuvo a pensar &#8220;en los recuerdos compartidos promocionando el deporte juntos&#8221;. Y comparti\u00f3 ante el mundo: &#8220;Jugamos ese partido mitad hierba, mitad tierra batida, y rompimos el r\u00e9cord de asistencia de todos los tiempos jugando frente a m\u00e1s de 50.000 seguidores en Ciudad del Cabo. Siempre nos hac\u00edamos re\u00edr a carcajadas. Nos cans\u00e1bamos en la cancha y luego, a veces, ten\u00edamos que sostenernos literalmente durante las ceremonias de entrega de trofeos&#8221;, cont\u00f3.<\/p>\n<p>&#8220;Todav\u00eda te agradezco que me hayas invitado a Mallorca para ayudar a lanzar la Academia en 2016. En realidad, me invit\u00e9 yo mismo. Sab\u00eda que eras demasiado educado como para insistir en que estuviera all\u00ed, pero no quer\u00eda perd\u00e9rmelo. Siempre has sido un modelo a seguir para los ni\u00f1os de todo el mundo, y Mirka y yo estamos muy contentos de que nuestros hijos hayan entrenado en tu academia. Se lo pasaron genial y aprendieron mucho, como miles de otros jugadores j\u00f3venes. Aunque siempre me preocup\u00f3 que mis hijos volvieran a casa jugando al tenis como zurdos&#8221;, dispar\u00f3 con humor.<\/p>\n<p>&#8220;Y luego estaba Londres, la Laver Cup en 2022. Mi \u00faltimo partido. Signific\u00f3 todo para m\u00ed que estuvieras all\u00ed a mi lado, no como mi rival, sino como mi compa\u00f1ero de dobles. Compartir la cancha contigo esa noche y compartir esas l\u00e1grimas ser\u00e1 para siempre uno de los momentos m\u00e1s especiales de mi carrera&#8221;, memoriz\u00f3.<\/p>\n<p>Al llegar al final de su carta, Federer volvi\u00f3 a la carga con la emoci\u00f3n y expres\u00f3: &#8220;Rafa, s\u00e9 que est\u00e1s centrado en la \u00faltima parte de tu \u00e9pica carrera. Hablaremos cuando haya terminado. Por ahora, solo quiero felicitar a tu familia y equipo. Todos ellos desempe\u00f1aron un papel fundamental en tu \u00e9xito. Y quiero que sepas que tu viejo amigo siempre te est\u00e1 animando y que seguir\u00e1 anim\u00e1ndote con la misma fuerza en todo lo que hagas a continuaci\u00f3n. \u00a1Eso es Rafa! Un saludo y siempre, tu fan, Roger&#8221;, concluy\u00f3.<\/p>\n<p>&nbsp;<\/p>\n<p><strong>Final de la Copa Davis<\/strong><\/p>\n<p>Con la participaci\u00f3n de la Argentina -debuta el jueves- y el espa\u00f1ol Rafael Nadal como protagonista absoluto, las Finales de la Copa Davis se pondr\u00e1n en marcha este martes en M\u00e1laga con la serie de cuartos de final entre los locales y Pa\u00edses Bajos. La cosa arrancar\u00e1 a las 13 (hora argentina) y se podr\u00e1 seguir por TyC Sports y DSports.<\/p>\n<p>&#8220;No estoy aqu\u00ed para retirarme. Estoy para ayudar al equipo&#8221;, subray\u00f3 Nadal, de 38 a\u00f1os, quien este lunes tuvo un peloteo bastante formal contra Carlos Alcaraz, primera raqueta del equipo, y sue\u00f1a con jugar alg\u00fan singles adem\u00e1s del dobles junto al joven maravilla.<\/p>\n<p>Las series de cuartos constan de tres puntos, dos singles y el dobles en el medio; los vencedores avanzan a semis y as\u00ed hasta la final del domingo 24.<\/p>\n<p>El ganador de Espa\u00f1a-Pa\u00edses Bajos ir\u00e1 contra el de Canad\u00e1-Alemania (a partir de ma\u00f1ana desde las 8), mientras que del otro lado est\u00e1n Estados Unidos-Australia e Italia-Argentina (desde el jueves a las 8 y 13, respectivamente).<\/p>\n<p>Hay mucha expectativa por estos lares con el regreso de Argentina a las Finales. Capitaneada por Guillermo Coria, tiene a los singlistas Seba B\u00e1ez, Fran Cer\u00fando y Tom\u00e1s Etcheverry, y los doblistas M\u00e1ximo Gonz\u00e1lez y Andr\u00e9s Molteni.<\/p>\n<p>En Italia, mientras tanto, es un misterio si se presentar\u00e1 el n\u00famero uno del mundo, Jannik Sinner, quien viene de ganar el ATP Finals en Tur\u00edn y podr\u00eda bajarse de la Copa. A Sinner lo secundan Lorenzo Musetti y Matteo Berrettini y, como si el nivel de los singlistas fuera poco, el capit\u00e1n Filippo Volandri tambi\u00e9n convoc\u00f3 a una dupla de primer nivel, Andrea Vavassori y Simone Bolelli.<\/p>\n","protected":false},"excerpt":{"rendered":"<p>Hoy se espera que el espa\u00f1ol juegue su \u00faltimo partido de tenis en los cuartos de la fase final de la Copa Davis ante Pa\u00edses Bajos. En este marco, el suizo le dedic\u00f3 unas emotivas palabras &nbsp; &nbsp; Una carta p\u00fablica que escribi\u00f3 el extenista suizo Roger Federer para su colega y rival espa\u00f1ol, Rafael Nadal, en la que le dedica grandes elogios y palabras de aliento de cara a la despedida de su carrera profesional se hizo viral en las redes sociales. Este martes a las 13 (hora de&#8230;<\/p>\n","protected":false},"author":3,"featured_media":122901,"comment_status":"closed","ping_status":"closed","sticky":false,"template":"","format":"standard","meta":[],"categories":[4],"tags":[],"_links":{"self":[{"href":"https:\/\/www.actualidadadiario.com\/index.php\/wp-json\/wp\/v2\/posts\/122900"}],"collection":[{"href":"https:\/\/www.actualidadadiario.com\/index.php\/wp-json\/wp\/v2\/posts"}],"about":[{"href":"https:\/\/www.actualidadadiario.com\/index.php\/wp-json\/wp\/v2\/types\/post"}],"author":[{"embeddable":true,"href":"https:\/\/www.actualidadadiario.com\/index.php\/wp-json\/wp\/v2\/users\/3"}],"replies":[{"embeddable":true,"href":"https:\/\/www.actualidadadiario.com\/index.php\/wp-json\/wp\/v2\/comments?post=122900"}],"version-history":[{"count":1,"href":"https:\/\/www.actualidadadiario.com\/index.php\/wp-json\/wp\/v2\/posts\/122900\/revisions"}],"predecessor-version":[{"id":122902,"href":"https:\/\/www.actualidadadiario.com\/index.php\/wp-json\/wp\/v2\/posts\/122900\/revisions\/122902"}],"wp:featuredmedia":[{"embeddable":true,"href":"https:\/\/www.actualidadadiario.com\/index.php\/wp-json\/wp\/v2\/media\/122901"}],"wp:attachment":[{"href":"https:\/\/www.actualidadadiario.com\/index.php\/wp-json\/wp\/v2\/media?parent=122900"}],"wp:term":[{"taxonomy":"category","embeddable":true,"href":"https:\/\/www.actualidadadiario.com\/index.php\/wp-json\/wp\/v2\/categories?post=122900"},{"taxonomy":"post_tag","embeddable":true,"href":"https:\/\/www.actualidadadiario.com\/index.php\/wp-json\/wp\/v2\/tags?post=122900"}],"curies":[{"name":"wp","href":"https:\/\/api.w.org\/{rel}","templated":true}]}}