{"id":122897,"date":"2024-11-19T14:36:30","date_gmt":"2024-11-19T17:36:30","guid":{"rendered":"https:\/\/www.actualidadadiario.com\/?p=122897"},"modified":"2024-11-19T14:36:30","modified_gmt":"2024-11-19T17:36:30","slug":"el-oficialismo-suspendio-el-debate-del-presupuesto-y-crece-la-chance-de-prorrogar-el-actual","status":"publish","type":"post","link":"https:\/\/www.actualidadadiario.com\/index.php\/2024\/11\/19\/el-oficialismo-suspendio-el-debate-del-presupuesto-y-crece-la-chance-de-prorrogar-el-actual\/","title":{"rendered":"El oficialismo suspendi\u00f3 el debate del Presupuesto y crece la chance de prorrogar el actual"},"content":{"rendered":"<p style=\"text-align: center;\"><em><strong>Casa Rosada anticipaba tener los consensos en Diputados para sancionar su proyecto de Presupuesto. Se profundizan dudas acerca del apoyo de los gobernadores<\/strong><\/em><\/p>\n<p>&nbsp;<\/p>\n<p>&nbsp;<\/p>\n<p>A poco m\u00e1s de una hora de que inicie la \u00faltima reuni\u00f3n de debate del proyecto de Presupuesto 2025 en comisiones de Diputados, el Gobierno anunci\u00f3 la suspensi\u00f3n el encuentro donde esperaba obtener el dictamen y convoc\u00f3 a una conferencia -sin preguntas- que ser\u00e1 encabezada por Jos\u00e9 Luis Espert, del bloque de La Libertad Avanza.<\/p>\n<p>Tanto Mart\u00edn Menem -titular de la C\u00e1mara de Diputados- como Espert -presidente de la Comisi\u00f3n de Presupuesto y Hacienda- mantuvieron una reuni\u00f3n esta misma ma\u00f1ana con Santiago Caputo. Esto ocurre en simult\u00e1neo a que Javier Milei y Luis Caputo se encuentran en Brasil en el marco del G20.<\/p>\n<p>En la conferencia, Jos\u00e9 Luis Espert comenz\u00f3 su intervenci\u00f3n asegurando que Javier Milei &#8220;quiere hacer a la Argentina el pa\u00eds m\u00e1s libre del mundo&#8221; y para ello remarc\u00f3 que &#8220;el d\u00e9ficit cero no es una epifan\u00eda que a los liberales que acompa\u00f1amos al Presidente nos apareci\u00f3, sino que es la comprobaci\u00f3n que con d\u00e9ficit hay emisi\u00f3n cero y as\u00ed no hay inflaci\u00f3n&#8221;.<\/p>\n<p>Luego, el diputado admiti\u00f3 que &#8220;todav\u00eda no hemos llegado a un punto com\u00fan que nos permita llegar al d\u00e9ficit cero&#8221;, pero remarc\u00f3 que &#8220;la voluntad es seguir trabajando para alcanzar los consensos necesarios para tener Presupuesto 2025&#8221;. &#8220;Si en las pr\u00f3ximas semanas hubiese avances en este sentido el Poder Ejecutivo evaluar\u00e1 la posibilidad de convocar a extraordinarias&#8221;, agreg\u00f3 y concluy\u00f3 &#8220;con d\u00e9ficit cero todo, sin d\u00e9ficit cero nada&#8221;.<\/p>\n<p>&nbsp;<\/p>\n<p><strong>Presupuesto 2025: reclamo de los gobernadores<\/strong><\/p>\n<p>La suspensi\u00f3n se da luego del ultim\u00e1tum que le dieron los gobernadores para sujetar su apoyo al proyecto oficialista a la aceptaci\u00f3n de una serie de puntos que alivianar\u00edan las finanzas provinciales. Entre sus reclamos se encontraban el pago de la deuda que Naci\u00f3n tienen con las provincias por cajas previsionales; la compensaci\u00f3n del Pacto Fiscal del 2017; coparticipaci\u00f3n de los Aportes del Tesoro Nacional (ATN) que no fueron distribuidos en 2024 junto a un equilibrio en los env\u00edos del pr\u00f3ximo a\u00f1o; reducci\u00f3n de los aportes distritales a la ARCA; y eliminaci\u00f3n del impuesto al combustible o un reparto equitativo de los fondos.<\/p>\n<p>Hasta la semana pasada, los mandatarios hab\u00edan incorporado la voluntad de los diputados que les responden (referenciados con el PRO, la UCR y Encuentro Federal) al proyecto oficialista presionados por la posibilidad de que el gobierno postergue durante un per\u00edodo m\u00e1s el Presupuesto 2023, lo que implicar\u00eda un nuevo a\u00f1o de discrecionalidades y presiones para ejecutar partidas. A su vez, si contin\u00faa vigente el DNU 846\/2024 de libre canje de deuda, Casa Rosada cuenta con todas las herramientas financieras para obtener cr\u00e9ditos de organismos internacionales.<\/p>\n","protected":false},"excerpt":{"rendered":"<p>Casa Rosada anticipaba tener los consensos en Diputados para sancionar su proyecto de Presupuesto. Se profundizan dudas acerca del apoyo de los gobernadores &nbsp; &nbsp; A poco m\u00e1s de una hora de que inicie la \u00faltima reuni\u00f3n de debate del proyecto de Presupuesto 2025 en comisiones de Diputados, el Gobierno anunci\u00f3 la suspensi\u00f3n el encuentro donde esperaba obtener el dictamen y convoc\u00f3 a una conferencia -sin preguntas- que ser\u00e1 encabezada por Jos\u00e9 Luis Espert, del bloque de La Libertad Avanza. Tanto Mart\u00edn Menem -titular de la C\u00e1mara de Diputados- como&#8230;<\/p>\n","protected":false},"author":3,"featured_media":119396,"comment_status":"closed","ping_status":"closed","sticky":false,"template":"","format":"standard","meta":[],"categories":[18],"tags":[],"_links":{"self":[{"href":"https:\/\/www.actualidadadiario.com\/index.php\/wp-json\/wp\/v2\/posts\/122897"}],"collection":[{"href":"https:\/\/www.actualidadadiario.com\/index.php\/wp-json\/wp\/v2\/posts"}],"about":[{"href":"https:\/\/www.actualidadadiario.com\/index.php\/wp-json\/wp\/v2\/types\/post"}],"author":[{"embeddable":true,"href":"https:\/\/www.actualidadadiario.com\/index.php\/wp-json\/wp\/v2\/users\/3"}],"replies":[{"embeddable":true,"href":"https:\/\/www.actualidadadiario.com\/index.php\/wp-json\/wp\/v2\/comments?post=122897"}],"version-history":[{"count":1,"href":"https:\/\/www.actualidadadiario.com\/index.php\/wp-json\/wp\/v2\/posts\/122897\/revisions"}],"predecessor-version":[{"id":122898,"href":"https:\/\/www.actualidadadiario.com\/index.php\/wp-json\/wp\/v2\/posts\/122897\/revisions\/122898"}],"wp:featuredmedia":[{"embeddable":true,"href":"https:\/\/www.actualidadadiario.com\/index.php\/wp-json\/wp\/v2\/media\/119396"}],"wp:attachment":[{"href":"https:\/\/www.actualidadadiario.com\/index.php\/wp-json\/wp\/v2\/media?parent=122897"}],"wp:term":[{"taxonomy":"category","embeddable":true,"href":"https:\/\/www.actualidadadiario.com\/index.php\/wp-json\/wp\/v2\/categories?post=122897"},{"taxonomy":"post_tag","embeddable":true,"href":"https:\/\/www.actualidadadiario.com\/index.php\/wp-json\/wp\/v2\/tags?post=122897"}],"curies":[{"name":"wp","href":"https:\/\/api.w.org\/{rel}","templated":true}]}}