{"id":122893,"date":"2024-11-19T14:29:01","date_gmt":"2024-11-19T17:29:01","guid":{"rendered":"https:\/\/www.actualidadadiario.com\/?p=122893"},"modified":"2024-11-19T14:35:52","modified_gmt":"2024-11-19T17:35:52","slug":"presupuesto-2025-sin-ninguna-certeza-diputados-van-a-una-reunion-decisiva","status":"publish","type":"post","link":"https:\/\/www.actualidadadiario.com\/index.php\/2024\/11\/19\/presupuesto-2025-sin-ninguna-certeza-diputados-van-a-una-reunion-decisiva\/","title":{"rendered":"Werthein confirm\u00f3 que Milei viajar\u00e1 a la cumbre del Mercosur en Uruguay"},"content":{"rendered":"<p style=\"text-align: center;\"><em><strong>As\u00ed se lo habr\u00eda dicho a su par uruguayo, Omar Paganini. El c\u00f3nclave de mandatarios se llevar\u00e1 a cabo el pr\u00f3ximo 6 de diciembre<\/strong><\/em><\/p>\n<p>&nbsp;<\/p>\n<p>&nbsp;<\/p>\n<p>El canciller argentino Gerardo Werthein le confirm\u00f3 a su par uruguayo, Omar Paganini, que Javier Milei estar\u00e1 presente en Uruguay el pr\u00f3ximo 6 de diciembre para una reuni\u00f3n de mandatarios por la cumbre del Mercosur.<\/p>\n<p>Ser\u00e1 la primera vez que Milei viaje a Uruguay desde que es presidente, aunque ya lo hab\u00eda hecho para dar conferencias desde que se transform\u00f3 en un referente libertario.<\/p>\n<p>La confirmaci\u00f3n de Werthein a Paganini surgi\u00f3 en una reuni\u00f3n bilateral que ambos tuvieron en R\u00edo de Janeiro, Brasil. El encuentro en Brasil fue en el marco de la cumbre del G20, grupo que Uruguay no integra pero que, al igual que otros pa\u00edses de la regi\u00f3n, fue invitado a participar.<\/p>\n<p>Seg\u00fan public\u00f3 el diario El Pa\u00eds, en la reuni\u00f3n de cancilleres tambi\u00e9n se habl\u00f3 y se coincidi\u00f3 en la necesidad de flexibilizar el Mercosur, algo en lo que ha insistido el presidente Luis Lacalle Pou. En este sentido, hubo sinton\u00eda en la intenci\u00f3n de que el bloque sea m\u00e1s aperturista y se pueda negociar con terceros pa\u00edses.<\/p>\n","protected":false},"excerpt":{"rendered":"<p>As\u00ed se lo habr\u00eda dicho a su par uruguayo, Omar Paganini. El c\u00f3nclave de mandatarios se llevar\u00e1 a cabo el pr\u00f3ximo 6 de diciembre &nbsp; &nbsp; El canciller argentino Gerardo Werthein le confirm\u00f3 a su par uruguayo, Omar Paganini, que Javier Milei estar\u00e1 presente en Uruguay el pr\u00f3ximo 6 de diciembre para una reuni\u00f3n de mandatarios por la cumbre del Mercosur. Ser\u00e1 la primera vez que Milei viaje a Uruguay desde que es presidente, aunque ya lo hab\u00eda hecho para dar conferencias desde que se transform\u00f3 en un referente libertario&#8230;.<\/p>\n","protected":false},"author":3,"featured_media":121340,"comment_status":"closed","ping_status":"closed","sticky":false,"template":"","format":"standard","meta":[],"categories":[18],"tags":[],"_links":{"self":[{"href":"https:\/\/www.actualidadadiario.com\/index.php\/wp-json\/wp\/v2\/posts\/122893"}],"collection":[{"href":"https:\/\/www.actualidadadiario.com\/index.php\/wp-json\/wp\/v2\/posts"}],"about":[{"href":"https:\/\/www.actualidadadiario.com\/index.php\/wp-json\/wp\/v2\/types\/post"}],"author":[{"embeddable":true,"href":"https:\/\/www.actualidadadiario.com\/index.php\/wp-json\/wp\/v2\/users\/3"}],"replies":[{"embeddable":true,"href":"https:\/\/www.actualidadadiario.com\/index.php\/wp-json\/wp\/v2\/comments?post=122893"}],"version-history":[{"count":3,"href":"https:\/\/www.actualidadadiario.com\/index.php\/wp-json\/wp\/v2\/posts\/122893\/revisions"}],"predecessor-version":[{"id":122896,"href":"https:\/\/www.actualidadadiario.com\/index.php\/wp-json\/wp\/v2\/posts\/122893\/revisions\/122896"}],"wp:featuredmedia":[{"embeddable":true,"href":"https:\/\/www.actualidadadiario.com\/index.php\/wp-json\/wp\/v2\/media\/121340"}],"wp:attachment":[{"href":"https:\/\/www.actualidadadiario.com\/index.php\/wp-json\/wp\/v2\/media?parent=122893"}],"wp:term":[{"taxonomy":"category","embeddable":true,"href":"https:\/\/www.actualidadadiario.com\/index.php\/wp-json\/wp\/v2\/categories?post=122893"},{"taxonomy":"post_tag","embeddable":true,"href":"https:\/\/www.actualidadadiario.com\/index.php\/wp-json\/wp\/v2\/tags?post=122893"}],"curies":[{"name":"wp","href":"https:\/\/api.w.org\/{rel}","templated":true}]}}