{"id":122891,"date":"2024-11-19T14:28:26","date_gmt":"2024-11-19T17:28:26","guid":{"rendered":"https:\/\/www.actualidadadiario.com\/?p=122891"},"modified":"2024-11-19T14:28:26","modified_gmt":"2024-11-19T17:28:26","slug":"francos-admitio-la-posibilidad-de-designar-a-lijo-y-a-garcia-mansilla-en-la-corte-por-decreto-el-presidente-resolvera","status":"publish","type":"post","link":"https:\/\/www.actualidadadiario.com\/index.php\/2024\/11\/19\/francos-admitio-la-posibilidad-de-designar-a-lijo-y-a-garcia-mansilla-en-la-corte-por-decreto-el-presidente-resolvera\/","title":{"rendered":"Francos admiti\u00f3 la posibilidad de designar a Lijo y a Garc\u00eda Mansilla en la Corte por decreto: &#8220;El Presidente resolver\u00e1&#8221;"},"content":{"rendered":"<p style=\"text-align: center;\"><em><strong>El jefe de Gabinete admiti\u00f3 que es el Presidente el encargado de tomar la decisi\u00f3n. Adem\u00e1s, habl\u00f3 de la relaci\u00f3n del Gobierno con Trump y de la Fundaci\u00f3n Faro<\/strong><\/em><\/p>\n<p>&nbsp;<\/p>\n<p>&nbsp;<\/p>\n<p>El jefe de Gabinete, Guillermo Francos, admiti\u00f3 que el presidente Javier Milei eval\u00faa la posibilidad de designar a los jueces Ariel Lijo y Manuel Garc\u00eda Mansilla por decreto para que integren la Corte Suprema de Justicia, en caso de fracasar en las negociaciones para la aprobaci\u00f3n del Congreso.<\/p>\n<p>\u201cSi no se han dado los acuerdos correspondientes, el Presidente resolver\u00e1 si designa o no por decreto a dos miembros de la Corte, como ha sucedido con (Mauricio) Macri\u201d, plante\u00f3 el funcionario en una entrevista a Radio Rivadavia.<\/p>\n<p>Lo cierto es que hasta el momento, el Poder Ejecutivo negocia con la oposici\u00f3n los votos para la aprobaci\u00f3n de los dos magistrados, propuesta que elev\u00f3 el mandatario, pero en caso de no acordar, no descarta la posibilidad de avanzar en su nombramiento por decreto.<\/p>\n<p>Si bien el vocero presidencial, Manuel Adorni, lo hab\u00eda descartado en conferencia de prensa, en Casa Rosada aseguran que una Corte de tres integrantes no puede funcionar, por lo que eval\u00faan alternativas para ampliarla.<\/p>\n<p>&nbsp;<\/p>\n<p><strong>La relaci\u00f3n con Trump y el rol de la Fundaci\u00f3n Faro<\/strong><\/p>\n<p>En otro pasaje de la entrevista, Francos celebr\u00f3 la relaci\u00f3n del libertario con el reciente electo Donald Trump, y pese a su inclinado proteccionismo, asegur\u00f3 que la coincidencia entre ambos \u201cest\u00e1 en la visi\u00f3n en la que el Estado asfixia a la econom\u00eda\u201d.<\/p>\n<p>Para el titular de ministros, tanto Milei como Trump \u201cpropician el libre mercado y libre juego de la oferta y la demanda\u201d, y destac\u00f3 que el republicano distingui\u00f3 al jefe de Estado al invitarlo a la Conferencia Pol\u00edtica de Acci\u00f3n Conservadora (CPAC), siendo el \u00fanico presidente presente.<\/p>\n<p>\u201cLas pol\u00edticas del Gobierno desde que asumi\u00f3 son las de liberar a las fuerzas productivas del peso del Estado. Una de las consecuencias del equilibrio fiscal es c\u00f3mo se est\u00e1 derrumbando la inflaci\u00f3n, cayendo el riesgo pa\u00eds, comenzando a crecer la actividad econ\u00f3mica, c\u00f3mo los bancos internacionales est\u00e1n hablando de un crecimiento superior al 5%\u201d, repas\u00f3.<\/p>\n<p>Por \u00faltimo, destac\u00f3 la creaci\u00f3n de la Fundaci\u00f3n Faro, recientemente impulsada, y asegur\u00f3 que est\u00e1 integrada por \u201cun grupo de personas intelectuales, economistas y de profesionales de distintas \u00e1reas\u201d que aportan material de estudio sobre las principales preocupaciones del Gobierno. \u201cTendremos muy en cuenta esos estudios para las pol\u00edticas que llevemos adelante\u201d, anticip\u00f3 al tiempo que rechaz\u00f3 insultos de sus principales miembros.<\/p>\n","protected":false},"excerpt":{"rendered":"<p>El jefe de Gabinete admiti\u00f3 que es el Presidente el encargado de tomar la decisi\u00f3n. Adem\u00e1s, habl\u00f3 de la relaci\u00f3n del Gobierno con Trump y de la Fundaci\u00f3n Faro &nbsp; &nbsp; El jefe de Gabinete, Guillermo Francos, admiti\u00f3 que el presidente Javier Milei eval\u00faa la posibilidad de designar a los jueces Ariel Lijo y Manuel Garc\u00eda Mansilla por decreto para que integren la Corte Suprema de Justicia, en caso de fracasar en las negociaciones para la aprobaci\u00f3n del Congreso. \u201cSi no se han dado los acuerdos correspondientes, el Presidente resolver\u00e1&#8230;<\/p>\n","protected":false},"author":3,"featured_media":122345,"comment_status":"closed","ping_status":"closed","sticky":false,"template":"","format":"standard","meta":[],"categories":[18],"tags":[],"_links":{"self":[{"href":"https:\/\/www.actualidadadiario.com\/index.php\/wp-json\/wp\/v2\/posts\/122891"}],"collection":[{"href":"https:\/\/www.actualidadadiario.com\/index.php\/wp-json\/wp\/v2\/posts"}],"about":[{"href":"https:\/\/www.actualidadadiario.com\/index.php\/wp-json\/wp\/v2\/types\/post"}],"author":[{"embeddable":true,"href":"https:\/\/www.actualidadadiario.com\/index.php\/wp-json\/wp\/v2\/users\/3"}],"replies":[{"embeddable":true,"href":"https:\/\/www.actualidadadiario.com\/index.php\/wp-json\/wp\/v2\/comments?post=122891"}],"version-history":[{"count":1,"href":"https:\/\/www.actualidadadiario.com\/index.php\/wp-json\/wp\/v2\/posts\/122891\/revisions"}],"predecessor-version":[{"id":122892,"href":"https:\/\/www.actualidadadiario.com\/index.php\/wp-json\/wp\/v2\/posts\/122891\/revisions\/122892"}],"wp:featuredmedia":[{"embeddable":true,"href":"https:\/\/www.actualidadadiario.com\/index.php\/wp-json\/wp\/v2\/media\/122345"}],"wp:attachment":[{"href":"https:\/\/www.actualidadadiario.com\/index.php\/wp-json\/wp\/v2\/media?parent=122891"}],"wp:term":[{"taxonomy":"category","embeddable":true,"href":"https:\/\/www.actualidadadiario.com\/index.php\/wp-json\/wp\/v2\/categories?post=122891"},{"taxonomy":"post_tag","embeddable":true,"href":"https:\/\/www.actualidadadiario.com\/index.php\/wp-json\/wp\/v2\/tags?post=122891"}],"curies":[{"name":"wp","href":"https:\/\/api.w.org\/{rel}","templated":true}]}}