{"id":122877,"date":"2024-11-19T13:02:07","date_gmt":"2024-11-19T16:02:07","guid":{"rendered":"https:\/\/www.actualidadadiario.com\/?p=122877"},"modified":"2024-11-19T13:02:07","modified_gmt":"2024-11-19T16:02:07","slug":"crisis-laboral-261-000-empleos-menos-en-la-era-milei","status":"publish","type":"post","link":"https:\/\/www.actualidadadiario.com\/index.php\/2024\/11\/19\/crisis-laboral-261-000-empleos-menos-en-la-era-milei\/","title":{"rendered":"Crisis laboral: 261.000 empleos menos en la era Milei"},"content":{"rendered":"<p style=\"text-align: center;\"><em><strong>M\u00e1s de 260.000 empleos y 12.000 empleadores menos en nueve meses. La gesti\u00f3n Milei enfrenta una dura realidad en el mercado laboral argentino<\/strong><\/em><\/p>\n<p>&nbsp;<\/p>\n<p>&nbsp;<\/p>\n<p>La econom\u00eda argentina atraviesa un complejo escenario laboral y empresarial tras los primeros nueve meses de la gesti\u00f3n de Javier Milei. Un informe reciente del Centro de Econom\u00eda Pol\u00edtica Argentina (CEPA) que toma las variables que public\u00f3 la Superintendencia de Riesgos del Trabajo, expone un marcado deterioro en los indicadores del mundo del trabajo entre noviembre de 2023 y agosto de 2024, reflejando una ca\u00edda tanto en la cantidad de empleadores como de trabajadores registrados.<\/p>\n<p>&nbsp;<\/p>\n<p><strong>Retroceso en empleadores: los sectores m\u00e1s golpeados<\/strong><\/p>\n<p>El informe revela que, durante este per\u00edodo, se redujo la cantidad de empleadores en 12.322 casos. Este retroceso afect\u00f3 particularmente al sector de comercio al por mayor y menor, as\u00ed como a la reparaci\u00f3n de veh\u00edculos, que registr\u00f3 una p\u00e9rdida absoluta de 3.021 empleadores.<\/p>\n<p>En t\u00e9rminos relativos, el sector de la construcci\u00f3n sufri\u00f3 el mayor impacto, con una ca\u00edda del 6,6\u202f% en la cantidad de empleadores. Estas cifras reflejan una crisis profunda que pone en jaque tanto a peque\u00f1as como a grandes empresas.<\/p>\n<p>&nbsp;<\/p>\n<p><strong>P\u00e9rdida de puestos de trabajo: un panorama alarmante<\/strong><\/p>\n<p>Entre noviembre de 2023 y agosto de 2024, se registraron 261.017 empleos menos en unidades productivas, lo que representa una ca\u00edda del 2,65\u202f%. El sector de la construcci\u00f3n encabeza nuevamente las p\u00e9rdidas, con 88.856 puestos eliminados, una disminuci\u00f3n del 18,6\u202f% en t\u00e9rminos relativos.<\/p>\n<p>&nbsp;<\/p>\n<p><strong>Las peque\u00f1as empresas, las m\u00e1s afectadas<\/strong><\/p>\n<p>El 99,4\u202f% de las empresas que dejaron de operar durante este per\u00edodo eran de hasta 500 trabajadores. Estas representaron una reducci\u00f3n de 12.254 empleadores, mientras que las grandes empresas (m\u00e1s de 500 trabajadores) solo explicaron el 0,6\u202f% de las bajas, con 68 casos menos.<\/p>\n<p>Sin embargo, al observar la p\u00e9rdida de empleo, las grandes empresas registraron una disminuci\u00f3n m\u00e1s significativa: 158.186 puestos de trabajo menos, equivalente al 60,6\u202f% del total. Por su parte, las empresas m\u00e1s peque\u00f1as redujeron 102.831 empleos, representando el 39,4\u202f%.<\/p>\n","protected":false},"excerpt":{"rendered":"<p>M\u00e1s de 260.000 empleos y 12.000 empleadores menos en nueve meses. La gesti\u00f3n Milei enfrenta una dura realidad en el mercado laboral argentino &nbsp; &nbsp; La econom\u00eda argentina atraviesa un complejo escenario laboral y empresarial tras los primeros nueve meses de la gesti\u00f3n de Javier Milei. Un informe reciente del Centro de Econom\u00eda Pol\u00edtica Argentina (CEPA) que toma las variables que public\u00f3 la Superintendencia de Riesgos del Trabajo, expone un marcado deterioro en los indicadores del mundo del trabajo entre noviembre de 2023 y agosto de 2024, reflejando una ca\u00edda&#8230;<\/p>\n","protected":false},"author":3,"featured_media":44237,"comment_status":"closed","ping_status":"closed","sticky":false,"template":"","format":"standard","meta":[],"categories":[9],"tags":[],"_links":{"self":[{"href":"https:\/\/www.actualidadadiario.com\/index.php\/wp-json\/wp\/v2\/posts\/122877"}],"collection":[{"href":"https:\/\/www.actualidadadiario.com\/index.php\/wp-json\/wp\/v2\/posts"}],"about":[{"href":"https:\/\/www.actualidadadiario.com\/index.php\/wp-json\/wp\/v2\/types\/post"}],"author":[{"embeddable":true,"href":"https:\/\/www.actualidadadiario.com\/index.php\/wp-json\/wp\/v2\/users\/3"}],"replies":[{"embeddable":true,"href":"https:\/\/www.actualidadadiario.com\/index.php\/wp-json\/wp\/v2\/comments?post=122877"}],"version-history":[{"count":1,"href":"https:\/\/www.actualidadadiario.com\/index.php\/wp-json\/wp\/v2\/posts\/122877\/revisions"}],"predecessor-version":[{"id":122878,"href":"https:\/\/www.actualidadadiario.com\/index.php\/wp-json\/wp\/v2\/posts\/122877\/revisions\/122878"}],"wp:featuredmedia":[{"embeddable":true,"href":"https:\/\/www.actualidadadiario.com\/index.php\/wp-json\/wp\/v2\/media\/44237"}],"wp:attachment":[{"href":"https:\/\/www.actualidadadiario.com\/index.php\/wp-json\/wp\/v2\/media?parent=122877"}],"wp:term":[{"taxonomy":"category","embeddable":true,"href":"https:\/\/www.actualidadadiario.com\/index.php\/wp-json\/wp\/v2\/categories?post=122877"},{"taxonomy":"post_tag","embeddable":true,"href":"https:\/\/www.actualidadadiario.com\/index.php\/wp-json\/wp\/v2\/tags?post=122877"}],"curies":[{"name":"wp","href":"https:\/\/api.w.org\/{rel}","templated":true}]}}