{"id":122874,"date":"2024-11-19T12:18:03","date_gmt":"2024-11-19T15:18:03","guid":{"rendered":"https:\/\/www.actualidadadiario.com\/?p=122874"},"modified":"2024-11-19T12:18:03","modified_gmt":"2024-11-19T15:18:03","slug":"calendario-2024-cuando-es-el-proximo-feriado","status":"publish","type":"post","link":"https:\/\/www.actualidadadiario.com\/index.php\/2024\/11\/19\/calendario-2024-cuando-es-el-proximo-feriado\/","title":{"rendered":"Calendario 2024: \u00bfCu\u00e1ndo es el pr\u00f3ximo feriado?"},"content":{"rendered":"<p style=\"text-align: center;\"><em><strong>Los \u00faltimos feriados del a\u00f1o llegan con tradici\u00f3n y significado. \u00bfSab\u00e9s cu\u00e1les son y qu\u00e9 celebramos en estas fechas especiales?<\/strong><\/em><\/p>\n<p>&nbsp;<\/p>\n<p>&nbsp;<\/p>\n<p>Los feriados son momentos esperados por todos, ya sea para descansar o reconectarse con tradiciones y valores culturales. El pr\u00f3ximo feriado en Argentina ser\u00e1 el domingo 8 de diciembre, D\u00eda de la Inmaculada Concepci\u00f3n de Mar\u00eda, una fecha inamovible que invita a reflexionar sobre su importancia religiosa y cultural.<\/p>\n<p>&nbsp;<\/p>\n<p><strong>\u00bfQu\u00e9 se celebra el 8 de diciembre?<\/strong><\/p>\n<p>El D\u00eda de la Inmaculada Concepci\u00f3n de Mar\u00eda conmemora el dogma cat\u00f3lico proclamado por el Papa P\u00edo IX el 8 de diciembre de 1854 mediante la bula Ineffabilis Deus. Este establece que la Virgen Mar\u00eda fue concebida sin pecado original, subrayando su pureza desde el primer momento de su existencia.<\/p>\n<p>Esta fecha coincide con el per\u00edodo del Adviento, tiempo de preparaci\u00f3n para la Navidad, exaltando la figura de Mar\u00eda como modelo de fe y virtud. En Argentina, es una jornada especial, reconocida como feriado nacional inamovible, reflejando no solo su relevancia religiosa, sino tambi\u00e9n su arraigo cultural.<\/p>\n<p>&nbsp;<\/p>\n<p><strong>\u00bfC\u00f3mo se vive este d\u00eda en Argentina?<\/strong><\/p>\n<p>En varias localidades, el 8 de diciembre se celebra con procesiones, misas solemnes y actos comunitarios en honor a la Virgen. Adem\u00e1s, muchas familias aprovechan la jornada para armar el \u00e1rbol de Navidad, una tradici\u00f3n que refuerza el esp\u00edritu festivo y la uni\u00f3n familiar.<\/p>\n<p>Esta advocaci\u00f3n mariana tambi\u00e9n tiene una fuerte dimensi\u00f3n art\u00edstica e hist\u00f3rica, habiendo inspirado innumerables obras de arte, m\u00fasica lit\u00fargica y festividades en todo el mundo cristiano.<\/p>\n<p>&nbsp;<\/p>\n<p><strong>\u00bfQu\u00e9 sigue en el calendario de feriados 2024?<\/strong><\/p>\n<p>El calendario de feriados 2024 en Argentina incluye un total de 19 d\u00edas festivos, combinando feriados inamovibles, trasladables y con fines tur\u00edsticos. Tras el D\u00eda de la Inmaculada Concepci\u00f3n de Mar\u00eda, el a\u00f1o cerrar\u00e1 con la Navidad, el mi\u00e9rcoles 25 de diciembre, otro feriado inamovible que no ser\u00e1 complementado con un d\u00eda adicional para fines de semana largos.<\/p>\n<p>Estos d\u00edas no solo ofrecen descanso, sino que tambi\u00e9n son clave para impulsar el turismo y dinamizar econom\u00edas regionales, un objetivo central en el dise\u00f1o del calendario oficial.<\/p>\n","protected":false},"excerpt":{"rendered":"<p>Los \u00faltimos feriados del a\u00f1o llegan con tradici\u00f3n y significado. \u00bfSab\u00e9s cu\u00e1les son y qu\u00e9 celebramos en estas fechas especiales? &nbsp; &nbsp; Los feriados son momentos esperados por todos, ya sea para descansar o reconectarse con tradiciones y valores culturales. El pr\u00f3ximo feriado en Argentina ser\u00e1 el domingo 8 de diciembre, D\u00eda de la Inmaculada Concepci\u00f3n de Mar\u00eda, una fecha inamovible que invita a reflexionar sobre su importancia religiosa y cultural. &nbsp; \u00bfQu\u00e9 se celebra el 8 de diciembre? El D\u00eda de la Inmaculada Concepci\u00f3n de Mar\u00eda conmemora el dogma&#8230;<\/p>\n","protected":false},"author":3,"featured_media":122875,"comment_status":"closed","ping_status":"closed","sticky":false,"template":"","format":"standard","meta":[],"categories":[2],"tags":[],"_links":{"self":[{"href":"https:\/\/www.actualidadadiario.com\/index.php\/wp-json\/wp\/v2\/posts\/122874"}],"collection":[{"href":"https:\/\/www.actualidadadiario.com\/index.php\/wp-json\/wp\/v2\/posts"}],"about":[{"href":"https:\/\/www.actualidadadiario.com\/index.php\/wp-json\/wp\/v2\/types\/post"}],"author":[{"embeddable":true,"href":"https:\/\/www.actualidadadiario.com\/index.php\/wp-json\/wp\/v2\/users\/3"}],"replies":[{"embeddable":true,"href":"https:\/\/www.actualidadadiario.com\/index.php\/wp-json\/wp\/v2\/comments?post=122874"}],"version-history":[{"count":1,"href":"https:\/\/www.actualidadadiario.com\/index.php\/wp-json\/wp\/v2\/posts\/122874\/revisions"}],"predecessor-version":[{"id":122876,"href":"https:\/\/www.actualidadadiario.com\/index.php\/wp-json\/wp\/v2\/posts\/122874\/revisions\/122876"}],"wp:featuredmedia":[{"embeddable":true,"href":"https:\/\/www.actualidadadiario.com\/index.php\/wp-json\/wp\/v2\/media\/122875"}],"wp:attachment":[{"href":"https:\/\/www.actualidadadiario.com\/index.php\/wp-json\/wp\/v2\/media?parent=122874"}],"wp:term":[{"taxonomy":"category","embeddable":true,"href":"https:\/\/www.actualidadadiario.com\/index.php\/wp-json\/wp\/v2\/categories?post=122874"},{"taxonomy":"post_tag","embeddable":true,"href":"https:\/\/www.actualidadadiario.com\/index.php\/wp-json\/wp\/v2\/tags?post=122874"}],"curies":[{"name":"wp","href":"https:\/\/api.w.org\/{rel}","templated":true}]}}