{"id":12287,"date":"2017-05-31T09:41:34","date_gmt":"2017-05-31T12:41:34","guid":{"rendered":"http:\/\/actualidadadiario.com\/site\/?p=12287"},"modified":"2017-05-31T09:41:34","modified_gmt":"2017-05-31T12:41:34","slug":"este-miercoles-el-iosper-y-la-femer-se-reuniran-para-intentar-cerrar-el-nuevo-convenio","status":"publish","type":"post","link":"https:\/\/www.actualidadadiario.com\/index.php\/2017\/05\/31\/este-miercoles-el-iosper-y-la-femer-se-reuniran-para-intentar-cerrar-el-nuevo-convenio\/","title":{"rendered":"Este mi\u00e9rcoles el Iosper y la Femer se reunir\u00e1n para intentar cerrar el nuevo convenio"},"content":{"rendered":"<p><em><strong>La reuni\u00f3n ser\u00e1 a las 9:30 en las oficinas del Iosper en Paran\u00e1. La Federaci\u00f3n M\u00e9dica y los directivos de la obra social estatal intentar\u00e1n cerrar el nuevo convenio entre las partes. S\u00f3lo resta resolver cuestiones t\u00e9cnicas, inform\u00f3 el titular de Femer, Rodolfo Nery<\/strong><\/em><\/p>\n<p>&nbsp;<\/p>\n<p>&nbsp;<\/p>\n<p>&nbsp;<\/p>\n<p>Este mi\u00e9rcoles en el Iosper, representantes de Femer intentar\u00e1n cerrar con los representantes de la obra social el nuevo convenio.<\/p>\n<p>&nbsp;<\/p>\n<p>En la reuni\u00f3n, a la que tambi\u00e9n asistir\u00e1n dirigentes de cl\u00ednicas y sanatorios enrolados en Acler, se tratar\u00e1n principalmente las cuestiones t\u00e9cnicas que hacen al nuevo acuerdo entre las partes.<\/p>\n<p>&nbsp;<\/p>\n<p>\u201cEl mayor problema es la facturaci\u00f3n y las especialidades de interconsulta\u201d, indic\u00f3 Rodolfo Nery y abund\u00f3 que lo pendiente \u201ces una cuesti\u00f3n m\u00e1s t\u00e9cnica de forma, que econ\u00f3mica. Los valores est\u00e1n pactados y van a regir desde julio, no pas\u00f3 nunca que tengamos tanta previsi\u00f3n de c\u00f3mo va a ser todo\u201d, destac\u00f3.<\/p>\n","protected":false},"excerpt":{"rendered":"<p>La reuni\u00f3n ser\u00e1 a las 9:30 en las oficinas del Iosper en Paran\u00e1. La Federaci\u00f3n M\u00e9dica y los directivos de la obra social estatal intentar\u00e1n cerrar el nuevo convenio entre las partes. S\u00f3lo resta resolver cuestiones t\u00e9cnicas, inform\u00f3 el titular de Femer, Rodolfo Nery &nbsp; &nbsp; &nbsp; Este mi\u00e9rcoles en el Iosper, representantes de Femer intentar\u00e1n cerrar con los representantes de la obra social el nuevo convenio. &nbsp; En la reuni\u00f3n, a la que tambi\u00e9n asistir\u00e1n dirigentes de cl\u00ednicas y sanatorios enrolados en Acler, se tratar\u00e1n principalmente las cuestiones t\u00e9cnicas&#8230;<\/p>\n","protected":false},"author":3,"featured_media":12288,"comment_status":"closed","ping_status":"closed","sticky":false,"template":"","format":"standard","meta":[],"categories":[15],"tags":[],"_links":{"self":[{"href":"https:\/\/www.actualidadadiario.com\/index.php\/wp-json\/wp\/v2\/posts\/12287"}],"collection":[{"href":"https:\/\/www.actualidadadiario.com\/index.php\/wp-json\/wp\/v2\/posts"}],"about":[{"href":"https:\/\/www.actualidadadiario.com\/index.php\/wp-json\/wp\/v2\/types\/post"}],"author":[{"embeddable":true,"href":"https:\/\/www.actualidadadiario.com\/index.php\/wp-json\/wp\/v2\/users\/3"}],"replies":[{"embeddable":true,"href":"https:\/\/www.actualidadadiario.com\/index.php\/wp-json\/wp\/v2\/comments?post=12287"}],"version-history":[{"count":1,"href":"https:\/\/www.actualidadadiario.com\/index.php\/wp-json\/wp\/v2\/posts\/12287\/revisions"}],"predecessor-version":[{"id":12289,"href":"https:\/\/www.actualidadadiario.com\/index.php\/wp-json\/wp\/v2\/posts\/12287\/revisions\/12289"}],"wp:featuredmedia":[{"embeddable":true,"href":"https:\/\/www.actualidadadiario.com\/index.php\/wp-json\/wp\/v2\/media\/12288"}],"wp:attachment":[{"href":"https:\/\/www.actualidadadiario.com\/index.php\/wp-json\/wp\/v2\/media?parent=12287"}],"wp:term":[{"taxonomy":"category","embeddable":true,"href":"https:\/\/www.actualidadadiario.com\/index.php\/wp-json\/wp\/v2\/categories?post=12287"},{"taxonomy":"post_tag","embeddable":true,"href":"https:\/\/www.actualidadadiario.com\/index.php\/wp-json\/wp\/v2\/tags?post=12287"}],"curies":[{"name":"wp","href":"https:\/\/api.w.org\/{rel}","templated":true}]}}