{"id":122868,"date":"2024-11-19T10:12:48","date_gmt":"2024-11-19T13:12:48","guid":{"rendered":"https:\/\/www.actualidadadiario.com\/?p=122868"},"modified":"2024-11-19T10:12:48","modified_gmt":"2024-11-19T13:12:48","slug":"mas-de-100-mil-alumnos-realizaran-el-miercoles-la-prueba-aprender-2024","status":"publish","type":"post","link":"https:\/\/www.actualidadadiario.com\/index.php\/2024\/11\/19\/mas-de-100-mil-alumnos-realizaran-el-miercoles-la-prueba-aprender-2024\/","title":{"rendered":"M\u00e1s de 100 mil alumnos realizar\u00e1n el mi\u00e9rcoles la prueba Aprender 2024"},"content":{"rendered":"<p style=\"text-align: center;\"><em><strong>El Ministerio de Capital Humano inform\u00f3 que participar\u00e1n estudiantes de tercer grado de 4.292 escuelas rurales, urbanas, de gesti\u00f3n estatal y privadas. &#8220;Se evaluar\u00e1n contenidos en lengua del primer ciclo de primaria con el objetivo de medir el nivel de competencia lectora&#8221;, detallaron<\/strong><\/em><\/p>\n<p>&nbsp;<\/p>\n<p>&nbsp;<\/p>\n<p>El Ministerio de Capital Humano inform\u00f3 que m\u00e1s de 100 mil alumnos realizar\u00e1n el mi\u00e9rcoles 20 de noviembre la prueba Aprender 2024. Participar\u00e1n estudiantes de 4.292 escuelas rurales, urbanas, de gesti\u00f3n estatal y privadas en todo el pa\u00eds. \u201cSe evaluar\u00e1n contenidos de lengua del primer ciclo de primaria con el objetivo de medir el nivel de competencia lectora\u201d, detallaron.<\/p>\n<p>En el marco del Plan Nacional de Alfabetizaci\u00f3n, \u201cel mi\u00e9rcoles 20 de noviembre se tomar\u00e1 la prueba Aprender, de la que participaran 105.863 estudiantes de 3er. grado de 4.292 escuelas, tanto rurales como urbanas y de gesti\u00f3n estatal y privada. Se evaluar\u00e1n los aprendizajes en Lengua del primer ciclo de primaria con el objetivo de medir el nivel de competencia lectora de los estudiantes. Esta evaluaci\u00f3n permitir\u00e1 analizar y mejorar los \u00edndices de lectoescritura de las 23 provincias y la Ciudad de Buenos Aires\u201d, se\u00f1alaron desde la cartera a cargo de Sandra Pettovello en su cuenta de X.<\/p>\n<p>Seg\u00fan im\u00e1genes publicadas en las redes sociales del ministerio, la prueba Aprender &#8220;mejorar la educaci\u00f3n&#8221; y es &#8220;fundamental para el pa\u00eds&#8221;, porque &#8220;brinda informaci\u00f3n necesaria&#8221; de algunos aprendizajes de los alumnos &#8220;en las distintas etapas del sistema educativo&#8221;.<\/p>\n<p>La evaluaci\u00f3n se realizar\u00e1 mediante tres cuadernillos donde, en los dos primeros, los estudiantes deber\u00e1n resolver diversos ejercicios de lectura y responder\u00e1n preguntas de opci\u00f3n m\u00faltiple, sobre distintos tipos de texto, mientras que, en el tercero, contestar\u00e1n preguntas sobre su experiencia en la escuela y el entorno en el que viven.<\/p>\n<p>De manera paralela, directores y docentes tambi\u00e9n responder\u00e1n los cuestionarios de los que se obtendr\u00e1 informaci\u00f3n sobre las caracter\u00edsticas y recursos que tienen cada una de las escuelas, como tambi\u00e9n las estrategias de ense\u00f1anza y el clima escolar.<\/p>\n<p>&#8220;Los resultados permitir\u00e1n diagnosticar el estado de los aprendizajes y contribuir\u00e1n a la toma de decisiones orientadas a fortalecer el plan nacional y los planes jurisdiccionales de alfabetizaci\u00f3n. Por eso, la prueba Aprender es una herramienta fundamental para generar el cambio que buscamos&#8221;, concluy\u00f3 el comunicado de Capital Humano.<\/p>\n","protected":false},"excerpt":{"rendered":"<p>El Ministerio de Capital Humano inform\u00f3 que participar\u00e1n estudiantes de tercer grado de 4.292 escuelas rurales, urbanas, de gesti\u00f3n estatal y privadas. &#8220;Se evaluar\u00e1n contenidos en lengua del primer ciclo de primaria con el objetivo de medir el nivel de competencia lectora&#8221;, detallaron &nbsp; &nbsp; El Ministerio de Capital Humano inform\u00f3 que m\u00e1s de 100 mil alumnos realizar\u00e1n el mi\u00e9rcoles 20 de noviembre la prueba Aprender 2024. Participar\u00e1n estudiantes de 4.292 escuelas rurales, urbanas, de gesti\u00f3n estatal y privadas en todo el pa\u00eds. \u201cSe evaluar\u00e1n contenidos de lengua del primer&#8230;<\/p>\n","protected":false},"author":3,"featured_media":79747,"comment_status":"closed","ping_status":"closed","sticky":false,"template":"","format":"standard","meta":[],"categories":[2],"tags":[],"_links":{"self":[{"href":"https:\/\/www.actualidadadiario.com\/index.php\/wp-json\/wp\/v2\/posts\/122868"}],"collection":[{"href":"https:\/\/www.actualidadadiario.com\/index.php\/wp-json\/wp\/v2\/posts"}],"about":[{"href":"https:\/\/www.actualidadadiario.com\/index.php\/wp-json\/wp\/v2\/types\/post"}],"author":[{"embeddable":true,"href":"https:\/\/www.actualidadadiario.com\/index.php\/wp-json\/wp\/v2\/users\/3"}],"replies":[{"embeddable":true,"href":"https:\/\/www.actualidadadiario.com\/index.php\/wp-json\/wp\/v2\/comments?post=122868"}],"version-history":[{"count":1,"href":"https:\/\/www.actualidadadiario.com\/index.php\/wp-json\/wp\/v2\/posts\/122868\/revisions"}],"predecessor-version":[{"id":122869,"href":"https:\/\/www.actualidadadiario.com\/index.php\/wp-json\/wp\/v2\/posts\/122868\/revisions\/122869"}],"wp:featuredmedia":[{"embeddable":true,"href":"https:\/\/www.actualidadadiario.com\/index.php\/wp-json\/wp\/v2\/media\/79747"}],"wp:attachment":[{"href":"https:\/\/www.actualidadadiario.com\/index.php\/wp-json\/wp\/v2\/media?parent=122868"}],"wp:term":[{"taxonomy":"category","embeddable":true,"href":"https:\/\/www.actualidadadiario.com\/index.php\/wp-json\/wp\/v2\/categories?post=122868"},{"taxonomy":"post_tag","embeddable":true,"href":"https:\/\/www.actualidadadiario.com\/index.php\/wp-json\/wp\/v2\/tags?post=122868"}],"curies":[{"name":"wp","href":"https:\/\/api.w.org\/{rel}","templated":true}]}}