{"id":122853,"date":"2024-11-19T09:40:31","date_gmt":"2024-11-19T12:40:31","guid":{"rendered":"https:\/\/www.actualidadadiario.com\/?p=122853"},"modified":"2024-11-19T09:40:31","modified_gmt":"2024-11-19T12:40:31","slug":"martes-y-miercoles-habra-reuniones-de-comision-en-el-senado","status":"publish","type":"post","link":"https:\/\/www.actualidadadiario.com\/index.php\/2024\/11\/19\/martes-y-miercoles-habra-reuniones-de-comision-en-el-senado\/","title":{"rendered":"Martes y mi\u00e9rcoles habr\u00e1 reuniones de Comisi\u00f3n en el Senado"},"content":{"rendered":"<p style=\"text-align: center;\"><em><strong>Este martes y mi\u00e9rcoles se reunir\u00e1n diversas comisiones del Senado para tratar el proyecto de ley por el que se adoptan buenas pr\u00e1cticas en materia de fitosanitarios en Entre R\u00edos. Adem\u00e1s se tratar\u00e1 la creaci\u00f3n de cargos y fiscal\u00edas para el Superior Tribunal de Justicia<\/strong><\/em><\/p>\n<p>&nbsp;<\/p>\n<p>&nbsp;<\/p>\n<p>Este martes 19 a las 10 horas en el recinto de la C\u00e1mara de Senadores habr\u00e1 una reuni\u00f3n conjunta de las comisiones de Salud P\u00fablica y Drogadicci\u00f3n; Ambiente y Desarrollo Sostenible; y de Producci\u00f3n, para tratar el proyecto de ley por el que se adoptan buenas pr\u00e1cticas en materia de fitosanitarios en la Provincia de Entre R\u00edos (expediente N\u00b0 26.117).<\/p>\n<p>Para ello, participar\u00e1n como invitados referentes en la tem\u00e1tica, la abogada, magister en Derecho Ambiental, Derecho Urban\u00edstico y Tutela del Patrimonio Cultural, Aldana Sasia; y el director en Ciencias Naturales de la facultad de Bioqu\u00edmica y Ciencias Biol\u00f3gicas de la Escuela Superior de Sanidad de la UNL, Carlos Lajmanovich.<\/p>\n<p>Luego, a las 11 horas se har\u00e1n presentes en calidad de invitados el representante de la Asociaci\u00f3n de Abogados y Abogadas Ambientalistas Enzo Culasso; representantes de Organizaciones Socio Ambientales de Entre R\u00edos, Ximena Rosso y Cynthia Arellans, y Vecinos Autoconvocados de Colonia Ensayo.<\/p>\n<p>&nbsp;<\/p>\n<p><strong>Mi\u00e9rcoles 20<\/strong><\/p>\n<p>A las 9 horas las comisiones de Salud P\u00fablica y Drogadicci\u00f3n, Ambiente y Desarrollo Sustentable, y de Producci\u00f3n comenzar\u00e1n abordando el proyecto de ley por el que se adopten buenas pr\u00e1cticas en materia de fitosanitarios Entre R\u00edos.<\/p>\n<p>Como invitados participar\u00e1n el ministro de Salud de Entre R\u00edos, Guillermo Grieve; y el ministro de Desarrollo Econ\u00f3mico de Entre R\u00edos, Guillermo Bernaudo.<\/p>\n<p>En tanto, a las 10 habr\u00e1 reuni\u00f3n conjunta de las comisiones de Legislaci\u00f3n General y de Presupuesto y Hacienda para tratar el proyecto de ley por el que se dispone la creaci\u00f3n en el \u00e1mbito del Ministerio P\u00fablico Fiscal de tres fiscal\u00edas de Familia y Penal de Ni\u00f1os., Ni\u00f1as y adolescentes, para las jurisdicciones de Concepci\u00f3n del Uruguay, Concordia y Gualeguaych\u00fa; una fiscal\u00eda de Familia en la ciudad de Paran\u00e1; tres fiscal\u00edas de Familia Especializadas en Violencia de G\u00e9nero, dos para la Jurisdicci\u00f3n Paran\u00e1, una para Concordia; una fiscal\u00eda para el Juzgado de Garant\u00edas N\u00ba 5 de la jurisdicci\u00f3n Concordia y Fiscal\u00edas Penales para las distintas jurisdicciones de la Provincias, todas con los correspondientes cargos de fiscales y empleados para el funcionamiento (expediente N\u00b0 14.834).<\/p>\n<p>Adem\u00e1s, se abordar\u00e1 el proyecto de ley por el que se crean 125 cargos en el \u00e1mbito del Poder Judicial de Entre R\u00edos (expediente N\u00b0 14.845). Como invitados estar\u00e1 presente Leonardo Portela, presidente del Tribunal Superior de Justicia de Entre R\u00edos.<\/p>\n<p>Finalmente a las 11 horas la Comisi\u00f3n de Legislaci\u00f3n General abordar\u00e1 el proyecto de ley por el que se modifica el art\u00edculo 1\u00ba de la ley N\u00b0 9.754 y sus modificatorias \u2013 C\u00f3digo Procesal Penal de la Provincia de Entre R\u00edos (expediente N\u00b0 14.672).<\/p>\n<p>Como invitados participar\u00e1n el presidente de la Sala Penal N\u00b0 1 del Tribunal Superior de Justicia, Daniel Omar Carubia; la vocal Claudia Mizawak; y el vocal Miguel \u00c1ngel Giorgio.<\/p>\n","protected":false},"excerpt":{"rendered":"<p>Este martes y mi\u00e9rcoles se reunir\u00e1n diversas comisiones del Senado para tratar el proyecto de ley por el que se adoptan buenas pr\u00e1cticas en materia de fitosanitarios en Entre R\u00edos. Adem\u00e1s se tratar\u00e1 la creaci\u00f3n de cargos y fiscal\u00edas para el Superior Tribunal de Justicia &nbsp; &nbsp; Este martes 19 a las 10 horas en el recinto de la C\u00e1mara de Senadores habr\u00e1 una reuni\u00f3n conjunta de las comisiones de Salud P\u00fablica y Drogadicci\u00f3n; Ambiente y Desarrollo Sostenible; y de Producci\u00f3n, para tratar el proyecto de ley por el que&#8230;<\/p>\n","protected":false},"author":3,"featured_media":122561,"comment_status":"closed","ping_status":"closed","sticky":false,"template":"","format":"standard","meta":[],"categories":[15],"tags":[],"_links":{"self":[{"href":"https:\/\/www.actualidadadiario.com\/index.php\/wp-json\/wp\/v2\/posts\/122853"}],"collection":[{"href":"https:\/\/www.actualidadadiario.com\/index.php\/wp-json\/wp\/v2\/posts"}],"about":[{"href":"https:\/\/www.actualidadadiario.com\/index.php\/wp-json\/wp\/v2\/types\/post"}],"author":[{"embeddable":true,"href":"https:\/\/www.actualidadadiario.com\/index.php\/wp-json\/wp\/v2\/users\/3"}],"replies":[{"embeddable":true,"href":"https:\/\/www.actualidadadiario.com\/index.php\/wp-json\/wp\/v2\/comments?post=122853"}],"version-history":[{"count":1,"href":"https:\/\/www.actualidadadiario.com\/index.php\/wp-json\/wp\/v2\/posts\/122853\/revisions"}],"predecessor-version":[{"id":122854,"href":"https:\/\/www.actualidadadiario.com\/index.php\/wp-json\/wp\/v2\/posts\/122853\/revisions\/122854"}],"wp:featuredmedia":[{"embeddable":true,"href":"https:\/\/www.actualidadadiario.com\/index.php\/wp-json\/wp\/v2\/media\/122561"}],"wp:attachment":[{"href":"https:\/\/www.actualidadadiario.com\/index.php\/wp-json\/wp\/v2\/media?parent=122853"}],"wp:term":[{"taxonomy":"category","embeddable":true,"href":"https:\/\/www.actualidadadiario.com\/index.php\/wp-json\/wp\/v2\/categories?post=122853"},{"taxonomy":"post_tag","embeddable":true,"href":"https:\/\/www.actualidadadiario.com\/index.php\/wp-json\/wp\/v2\/tags?post=122853"}],"curies":[{"name":"wp","href":"https:\/\/api.w.org\/{rel}","templated":true}]}}