{"id":122850,"date":"2024-11-19T09:39:56","date_gmt":"2024-11-19T12:39:56","guid":{"rendered":"https:\/\/www.actualidadadiario.com\/?p=122850"},"modified":"2024-11-19T09:39:56","modified_gmt":"2024-11-19T12:39:56","slug":"emilia-mernes-interpretara-una-cancion-para-la-pelicula-moana-2","status":"publish","type":"post","link":"https:\/\/www.actualidadadiario.com\/index.php\/2024\/11\/19\/emilia-mernes-interpretara-una-cancion-para-la-pelicula-moana-2\/","title":{"rendered":"Emilia Mernes interpretar\u00e1 una canci\u00f3n para la pel\u00edcula Moana 2"},"content":{"rendered":"<p style=\"text-align: center;\"><em><strong>La nogoyaense Emilia Mernes contin\u00faa dando pasos firmes en su carrera solista y ahora anunci\u00f3 que la canci\u00f3n &#8220;Al final&#8221; ser\u00e1 parte de la pel\u00edcula Moana 2<\/strong><\/em><\/p>\n<p>&nbsp;<\/p>\n<p>&nbsp;<\/p>\n<p>Emilia Mernes comparti\u00f3 a trav\u00e9s de un video en su cuenta oficial de Instagram una emocionante noticia: formar\u00e1 parte de la esperada secuela de *Moana*. La cantante interpretar\u00e1 la canci\u00f3n &#8220;Al Final&#8221;, que ser\u00e1 incluida en la banda sonora oficial de la pel\u00edcula.<\/p>\n<p>&#8220;Finalmente puedo contarles que ser\u00e9 parte de Moana2 interpretando la canci\u00f3n &#8216;Al Final&#8217; para la banda sonora. Todav\u00eda no lo puedo creer&#8221;, escribi\u00f3 Emilia en la publicaci\u00f3n, expresando su entusiasmo.<\/p>\n<p>El videoclip de la canci\u00f3n y el tema completo estar\u00e1n disponibles este viernes, prometiendo cautivar tanto a los seguidores de la artista como a los fans de la historia de Moana.<\/p>\n","protected":false},"excerpt":{"rendered":"<p>La nogoyaense Emilia Mernes contin\u00faa dando pasos firmes en su carrera solista y ahora anunci\u00f3 que la canci\u00f3n &#8220;Al final&#8221; ser\u00e1 parte de la pel\u00edcula Moana 2 &nbsp; &nbsp; Emilia Mernes comparti\u00f3 a trav\u00e9s de un video en su cuenta oficial de Instagram una emocionante noticia: formar\u00e1 parte de la esperada secuela de *Moana*. La cantante interpretar\u00e1 la canci\u00f3n &#8220;Al Final&#8221;, que ser\u00e1 incluida en la banda sonora oficial de la pel\u00edcula. &#8220;Finalmente puedo contarles que ser\u00e9 parte de Moana2 interpretando la canci\u00f3n &#8216;Al Final&#8217; para la banda sonora. Todav\u00eda&#8230;<\/p>\n","protected":false},"author":3,"featured_media":122851,"comment_status":"closed","ping_status":"closed","sticky":false,"template":"","format":"standard","meta":[],"categories":[15],"tags":[],"_links":{"self":[{"href":"https:\/\/www.actualidadadiario.com\/index.php\/wp-json\/wp\/v2\/posts\/122850"}],"collection":[{"href":"https:\/\/www.actualidadadiario.com\/index.php\/wp-json\/wp\/v2\/posts"}],"about":[{"href":"https:\/\/www.actualidadadiario.com\/index.php\/wp-json\/wp\/v2\/types\/post"}],"author":[{"embeddable":true,"href":"https:\/\/www.actualidadadiario.com\/index.php\/wp-json\/wp\/v2\/users\/3"}],"replies":[{"embeddable":true,"href":"https:\/\/www.actualidadadiario.com\/index.php\/wp-json\/wp\/v2\/comments?post=122850"}],"version-history":[{"count":1,"href":"https:\/\/www.actualidadadiario.com\/index.php\/wp-json\/wp\/v2\/posts\/122850\/revisions"}],"predecessor-version":[{"id":122852,"href":"https:\/\/www.actualidadadiario.com\/index.php\/wp-json\/wp\/v2\/posts\/122850\/revisions\/122852"}],"wp:featuredmedia":[{"embeddable":true,"href":"https:\/\/www.actualidadadiario.com\/index.php\/wp-json\/wp\/v2\/media\/122851"}],"wp:attachment":[{"href":"https:\/\/www.actualidadadiario.com\/index.php\/wp-json\/wp\/v2\/media?parent=122850"}],"wp:term":[{"taxonomy":"category","embeddable":true,"href":"https:\/\/www.actualidadadiario.com\/index.php\/wp-json\/wp\/v2\/categories?post=122850"},{"taxonomy":"post_tag","embeddable":true,"href":"https:\/\/www.actualidadadiario.com\/index.php\/wp-json\/wp\/v2\/tags?post=122850"}],"curies":[{"name":"wp","href":"https:\/\/api.w.org\/{rel}","templated":true}]}}