{"id":122848,"date":"2024-11-19T09:38:41","date_gmt":"2024-11-19T12:38:41","guid":{"rendered":"https:\/\/www.actualidadadiario.com\/?p=122848"},"modified":"2024-11-19T09:38:41","modified_gmt":"2024-11-19T12:38:41","slug":"entre-rios-una-de-las-provincias-con-mayor-afluencia-de-turistas-el-finde-largo","status":"publish","type":"post","link":"https:\/\/www.actualidadadiario.com\/index.php\/2024\/11\/19\/entre-rios-una-de-las-provincias-con-mayor-afluencia-de-turistas-el-finde-largo\/","title":{"rendered":"Entre R\u00edos, una de las provincias con mayor afluencia de turistas el finde largo"},"content":{"rendered":"<p style=\"text-align: center;\"><em><strong>Seg\u00fan CAME, la ocupaci\u00f3n hotelera promedio alcanz\u00f3 el 87%. Hubo localidades en la costa del Uruguay que estuvieron repletas<\/strong><\/em><\/p>\n<p>&nbsp;<\/p>\n<p>&nbsp;<\/p>\n<p>La Confederaci\u00f3n Argentina de la Mediana Empresa \u2013CAME\u2013 destac\u00f3 que Entre R\u00edos fue una de las provincias que m\u00e1s turistas recibi\u00f3 este fin de semana largo. Con una oferta de actividades para todos los gustos, la ocupaci\u00f3n alcanz\u00f3 al 87%, lo que pronostica una gran afluencia de turistas para el verano.<\/p>\n<p>Las cifras finales de alojamiento fueron para Gualeguaych\u00fa 93%, Villa Elisa 90%, Concordia 88%; San Jos\u00e9 87%, Col\u00f3n en 89% y Liebig en 100%.<\/p>\n<p>Desde el viernes la provincia fue un punto de encuentro para miles de visitantes que llegaron atra\u00eddos por las fiestas, encuentros culturales, y la belleza natural.<\/p>\n<p>La Fiesta Nacional del Asado con Cuero en Viale fue un gran atractivo, donde los asistentes disfrutaron de sabrosos platos y pe\u00f1as, mientras que en San Salvador se celebr\u00f3 la Fiesta Nacional del Arroz, con exposiciones agro-comerciales y espect\u00e1culos.<\/p>\n<p>Adem\u00e1s, sobresalieron festividades como la Fiesta Provincial Manos de mi Pueblo, la Fiesta de las Aldeas y la Fiesta Provincial de M\u00fasica y Arte. Los amantes de la naturaleza aprovecharon las condiciones ideales para recorrer los r\u00edos y pescar en Col\u00f3n, Gualeguaych\u00fa, Concepci\u00f3n del Uruguay.<\/p>\n<p>Tambi\u00e9n, hubo buena asistencia a las termas, como las de Federaci\u00f3n y Villa Elisa principalmente. En tanto, en San Jos\u00e9, Federal y Valle Mar\u00eda se llevaron a cabo torneos de pesca, mientras que el ambiente natural de la provincia ofreci\u00f3 actividades como cabalgatas, senderismo y paseos por los parques.<\/p>\n<p>Por su parte, en Concordia la oferta fue igualmente variada y la ciudad brill\u00f3 con el nuevo circuito tur\u00edstico \u201cPuentes de la Fe\u201d y una serie de actividades culturales como la \u201cNoche de los Museos\u201d, donde los visitantes pudieron explorar una rica historia local.<\/p>\n","protected":false},"excerpt":{"rendered":"<p>Seg\u00fan CAME, la ocupaci\u00f3n hotelera promedio alcanz\u00f3 el 87%. Hubo localidades en la costa del Uruguay que estuvieron repletas &nbsp; &nbsp; La Confederaci\u00f3n Argentina de la Mediana Empresa \u2013CAME\u2013 destac\u00f3 que Entre R\u00edos fue una de las provincias que m\u00e1s turistas recibi\u00f3 este fin de semana largo. Con una oferta de actividades para todos los gustos, la ocupaci\u00f3n alcanz\u00f3 al 87%, lo que pronostica una gran afluencia de turistas para el verano. Las cifras finales de alojamiento fueron para Gualeguaych\u00fa 93%, Villa Elisa 90%, Concordia 88%; San Jos\u00e9 87%, Col\u00f3n&#8230;<\/p>\n","protected":false},"author":3,"featured_media":78443,"comment_status":"closed","ping_status":"closed","sticky":false,"template":"","format":"standard","meta":[],"categories":[15],"tags":[],"_links":{"self":[{"href":"https:\/\/www.actualidadadiario.com\/index.php\/wp-json\/wp\/v2\/posts\/122848"}],"collection":[{"href":"https:\/\/www.actualidadadiario.com\/index.php\/wp-json\/wp\/v2\/posts"}],"about":[{"href":"https:\/\/www.actualidadadiario.com\/index.php\/wp-json\/wp\/v2\/types\/post"}],"author":[{"embeddable":true,"href":"https:\/\/www.actualidadadiario.com\/index.php\/wp-json\/wp\/v2\/users\/3"}],"replies":[{"embeddable":true,"href":"https:\/\/www.actualidadadiario.com\/index.php\/wp-json\/wp\/v2\/comments?post=122848"}],"version-history":[{"count":1,"href":"https:\/\/www.actualidadadiario.com\/index.php\/wp-json\/wp\/v2\/posts\/122848\/revisions"}],"predecessor-version":[{"id":122849,"href":"https:\/\/www.actualidadadiario.com\/index.php\/wp-json\/wp\/v2\/posts\/122848\/revisions\/122849"}],"wp:featuredmedia":[{"embeddable":true,"href":"https:\/\/www.actualidadadiario.com\/index.php\/wp-json\/wp\/v2\/media\/78443"}],"wp:attachment":[{"href":"https:\/\/www.actualidadadiario.com\/index.php\/wp-json\/wp\/v2\/media?parent=122848"}],"wp:term":[{"taxonomy":"category","embeddable":true,"href":"https:\/\/www.actualidadadiario.com\/index.php\/wp-json\/wp\/v2\/categories?post=122848"},{"taxonomy":"post_tag","embeddable":true,"href":"https:\/\/www.actualidadadiario.com\/index.php\/wp-json\/wp\/v2\/tags?post=122848"}],"curies":[{"name":"wp","href":"https:\/\/api.w.org\/{rel}","templated":true}]}}