{"id":12284,"date":"2017-05-31T09:40:38","date_gmt":"2017-05-31T12:40:38","guid":{"rendered":"http:\/\/actualidadadiario.com\/site\/?p=12284"},"modified":"2017-05-31T09:40:38","modified_gmt":"2017-05-31T12:40:38","slug":"no-hubo-acuerdo-entre-el-gobierno-provincial-y-los-gremios-estatales","status":"publish","type":"post","link":"https:\/\/www.actualidadadiario.com\/index.php\/2017\/05\/31\/no-hubo-acuerdo-entre-el-gobierno-provincial-y-los-gremios-estatales\/","title":{"rendered":"No hubo acuerdo entre el gobierno provincial y los gremios estatales"},"content":{"rendered":"<p><em><strong>La nueva oferta oficial contempl\u00f3 un 21% de incremento salarial pero dividido en cuatro tramos. Tanto ATE como UPCN la rechazaron y se pas\u00f3 a cuarto intermedio hasta la semana pr\u00f3xima<\/strong><\/em><\/p>\n<p>&nbsp;<\/p>\n<p>&nbsp;<\/p>\n<p>&nbsp;<\/p>\n<p>Seg\u00fan se inform\u00f3, los gremios estatales rechazaron el ofrecimiento de suba salarial del 21 por ciento anual en cuatro tramos realizado por el gobierno provincial en el marco de un nuevo encuentro paritario concretado este martes, en la secretaria provincial de Trabajo.<\/p>\n<p>&nbsp;<\/p>\n<p>La oferta incorpor\u00f3 el 3% que el gobierno anunci\u00f3 unilateralmente y que no fue discutido en la paritaria. Por el rechazo gremial, ahora las partes pasaron a cuarto intermedio hasta el jueves de la semana pr\u00f3xima, a las 17hs.<\/p>\n<p>&nbsp;<\/p>\n<p>&nbsp;<\/p>\n<p><strong>Negativa<\/strong><\/p>\n<p>&#8220;ATE rechaz\u00f3 rotundamente la propuesta del gobierno, no la vamos a analizar&#8221;, sentenci\u00f3 Oscar Muntes, secretario general del gremio en Entre R\u00edos. Y en esa l\u00ednea exigi\u00f3 al Ejecutivo provincial &#8220;una propuesta seria e integral que pueda ser analizada por los trabajadores&#8221;.<\/p>\n<p>&nbsp;<\/p>\n<p>&#8220;No nos sentimos defraudados, sino extremadamente dolidos porque despu\u00e9s de tanto tiempo y la expectativa ante el anuncio del gobernador de hacer una propuesta diferente integral y superadora, nos vamos con las manos vac\u00edas&#8221;, indic\u00f3 el sindicalista.<\/p>\n<p>&nbsp;<\/p>\n<p>En ese marco, Muntes valor\u00f3 que \u201cestamos lej\u00edsimos del ideal\u201d.<\/p>\n<p>&nbsp;<\/p>\n<p>Por su parte, Carina Dom\u00ednguez, por UPCN, manifest\u00f3 la &#8220;preocupaci\u00f3n y malestar&#8221; reinante entre los representantes paritarios, porque esperaban &#8220;otro resultado de la paritaria&#8221;.<\/p>\n<p>&nbsp;<\/p>\n<p>&#8220;Nos vamos disconformes con esta reuni\u00f3n porque es imposible que despu\u00e9s de 70 d\u00edas de espera, nos vengan con una propuesta como \u00e9sta&#8221;, sentenci\u00f3. Seg\u00fan coment\u00f3 la sindicalista, durante el encuentro paritario, no se habl\u00f3 de otro tema que no fuera el salarial.<\/p>\n<p>&nbsp;<\/p>\n<p>Por \u00faltimo, Dom\u00ednguez ratific\u00f3 la movilizaci\u00f3n convocada para el viernes a Casa de Gobierno, &#8220;para demostrar el descontento y el rechazo a la propuesta salarial del Gobierno&#8221;.<\/p>\n","protected":false},"excerpt":{"rendered":"<p>La nueva oferta oficial contempl\u00f3 un 21% de incremento salarial pero dividido en cuatro tramos. Tanto ATE como UPCN la rechazaron y se pas\u00f3 a cuarto intermedio hasta la semana pr\u00f3xima &nbsp; &nbsp; &nbsp; Seg\u00fan se inform\u00f3, los gremios estatales rechazaron el ofrecimiento de suba salarial del 21 por ciento anual en cuatro tramos realizado por el gobierno provincial en el marco de un nuevo encuentro paritario concretado este martes, en la secretaria provincial de Trabajo. &nbsp; La oferta incorpor\u00f3 el 3% que el gobierno anunci\u00f3 unilateralmente y que no&#8230;<\/p>\n","protected":false},"author":3,"featured_media":12285,"comment_status":"closed","ping_status":"closed","sticky":false,"template":"","format":"standard","meta":[],"categories":[15],"tags":[],"_links":{"self":[{"href":"https:\/\/www.actualidadadiario.com\/index.php\/wp-json\/wp\/v2\/posts\/12284"}],"collection":[{"href":"https:\/\/www.actualidadadiario.com\/index.php\/wp-json\/wp\/v2\/posts"}],"about":[{"href":"https:\/\/www.actualidadadiario.com\/index.php\/wp-json\/wp\/v2\/types\/post"}],"author":[{"embeddable":true,"href":"https:\/\/www.actualidadadiario.com\/index.php\/wp-json\/wp\/v2\/users\/3"}],"replies":[{"embeddable":true,"href":"https:\/\/www.actualidadadiario.com\/index.php\/wp-json\/wp\/v2\/comments?post=12284"}],"version-history":[{"count":1,"href":"https:\/\/www.actualidadadiario.com\/index.php\/wp-json\/wp\/v2\/posts\/12284\/revisions"}],"predecessor-version":[{"id":12286,"href":"https:\/\/www.actualidadadiario.com\/index.php\/wp-json\/wp\/v2\/posts\/12284\/revisions\/12286"}],"wp:featuredmedia":[{"embeddable":true,"href":"https:\/\/www.actualidadadiario.com\/index.php\/wp-json\/wp\/v2\/media\/12285"}],"wp:attachment":[{"href":"https:\/\/www.actualidadadiario.com\/index.php\/wp-json\/wp\/v2\/media?parent=12284"}],"wp:term":[{"taxonomy":"category","embeddable":true,"href":"https:\/\/www.actualidadadiario.com\/index.php\/wp-json\/wp\/v2\/categories?post=12284"},{"taxonomy":"post_tag","embeddable":true,"href":"https:\/\/www.actualidadadiario.com\/index.php\/wp-json\/wp\/v2\/tags?post=12284"}],"curies":[{"name":"wp","href":"https:\/\/api.w.org\/{rel}","templated":true}]}}