{"id":122835,"date":"2024-11-16T10:26:13","date_gmt":"2024-11-16T13:26:13","guid":{"rendered":"https:\/\/www.actualidadadiario.com\/?p=122835"},"modified":"2024-11-16T10:26:13","modified_gmt":"2024-11-16T13:26:13","slug":"130-familias-seleccionadas-para-viviendas-de-emergencia-en-concordia","status":"publish","type":"post","link":"https:\/\/www.actualidadadiario.com\/index.php\/2024\/11\/16\/130-familias-seleccionadas-para-viviendas-de-emergencia-en-concordia\/","title":{"rendered":"130 familias seleccionadas para viviendas de emergencia en Concordia"},"content":{"rendered":"<p style=\"text-align: center;\"><em><strong>El lunes 25 de noviembre comenzar\u00e1 la construcci\u00f3n de las viviendas de emergencia en los barrios Jos\u00e9 Hern\u00e1ndez, 27 de Noviembre y La Roca, en Concordia, en labor conjunta del Municipio, a trav\u00e9s del Instituto de Vivienda y Tierras Aut\u00e1rquico Municipal (InVyTAM), el Gobierno Provincial y la Fundaci\u00f3n Techo<\/strong><\/em><\/p>\n<p>&nbsp;<\/p>\n<p>&nbsp;<\/p>\n<p>Este fin de semana largo comienza \u201cla log\u00edstica\u201d. En concreto, trasladar\u00e1n los materiales desde el galp\u00f3n de acopio a las 130 familias que han sido elegidas destinatarias de las viviendas.<\/p>\n<p>Cada vivienda ser\u00e1 armada por numerosos voluntarios, en conjunto con integrantes de la familia que vivir\u00e1 en ella. Techo habilit\u00f3 un registro para que se inscriban quienes deseen participar como voluntarios: https:\/\/bit.ly\/VoluntariadoER<\/p>\n<p>Un relevamiento llevado a cabo en los barrios predeterminados por Techo e INVYTAM posibilit\u00f3 trazar un crudo diagn\u00f3stico de la extrema realidad de las 130 familias elegidas para la construcci\u00f3n de viviendas de emergencia con kit sanitario y el\u00e9ctrico.<\/p>\n<p>La \u201cInformaci\u00f3n sociodemogr\u00e1fica\u201d revela que \u201c7 de cada 10 familias\u201d est\u00e1n en \u201csituaci\u00f3n de pobreza\u201d. Y del total de familias pobres, \u201cel 40% est\u00e1 en situaci\u00f3n de indigencia\u201d.<\/p>\n<p>A su vez, 7 de cada 10 familias asignadas tienen como jefa de hogar a una mujer.<\/p>\n<p>En total, las personas impactadas por la construcci\u00f3n de las viviendas de emergencia son 530, de las cuales, m\u00e1s de la mitad son ni\u00f1os y ni\u00f1as.<\/p>\n<p>\u201c8 de cada 10 familias habitan en viviendas en estado cr\u00edtico\u201d. A ese \u201cestado cr\u00edtico\u201d el informe lo define por las siguientes caracter\u00edsticas:<\/p>\n<ul>\n<li><strong>Piso:<\/strong> tierra, madera, ladrillo suelto, cemento.<\/li>\n<li><strong>Techo:<\/strong> lona, cart\u00f3n, mezcla de materiales, madera o chapa en mal estado.<\/li>\n<li><strong>Paredes:<\/strong> lona, cart\u00f3n, mezcla de materiales, madera en mal estado, chapa.<\/li>\n<\/ul>\n<p>Otro dato revelador es el que indica que \u201c6 de cada 10 familias est\u00e1 en situaci\u00f3n de hacinamiento\u201d. Y \u201c2 de cada 10 familias presentan enfermedades vinculadas al estado de la vivienda\u201d.<\/p>\n<p>Por \u00faltimo, un n\u00famero no menos importante para dimensionar la realidad en la que \u201csobreviven\u201d las 130 familias que recibir\u00e1n las viviendas de emergencia: \u201c9 de cada 10 familias no tienen ba\u00f1o propio o tienen un ba\u00f1o en estado cr\u00edtico\u201d.<\/p>\n","protected":false},"excerpt":{"rendered":"<p>El lunes 25 de noviembre comenzar\u00e1 la construcci\u00f3n de las viviendas de emergencia en los barrios Jos\u00e9 Hern\u00e1ndez, 27 de Noviembre y La Roca, en Concordia, en labor conjunta del Municipio, a trav\u00e9s del Instituto de Vivienda y Tierras Aut\u00e1rquico Municipal (InVyTAM), el Gobierno Provincial y la Fundaci\u00f3n Techo &nbsp; &nbsp; Este fin de semana largo comienza \u201cla log\u00edstica\u201d. En concreto, trasladar\u00e1n los materiales desde el galp\u00f3n de acopio a las 130 familias que han sido elegidas destinatarias de las viviendas. Cada vivienda ser\u00e1 armada por numerosos voluntarios, en conjunto&#8230;<\/p>\n","protected":false},"author":3,"featured_media":122641,"comment_status":"closed","ping_status":"closed","sticky":false,"template":"","format":"standard","meta":[],"categories":[15],"tags":[],"_links":{"self":[{"href":"https:\/\/www.actualidadadiario.com\/index.php\/wp-json\/wp\/v2\/posts\/122835"}],"collection":[{"href":"https:\/\/www.actualidadadiario.com\/index.php\/wp-json\/wp\/v2\/posts"}],"about":[{"href":"https:\/\/www.actualidadadiario.com\/index.php\/wp-json\/wp\/v2\/types\/post"}],"author":[{"embeddable":true,"href":"https:\/\/www.actualidadadiario.com\/index.php\/wp-json\/wp\/v2\/users\/3"}],"replies":[{"embeddable":true,"href":"https:\/\/www.actualidadadiario.com\/index.php\/wp-json\/wp\/v2\/comments?post=122835"}],"version-history":[{"count":1,"href":"https:\/\/www.actualidadadiario.com\/index.php\/wp-json\/wp\/v2\/posts\/122835\/revisions"}],"predecessor-version":[{"id":122836,"href":"https:\/\/www.actualidadadiario.com\/index.php\/wp-json\/wp\/v2\/posts\/122835\/revisions\/122836"}],"wp:featuredmedia":[{"embeddable":true,"href":"https:\/\/www.actualidadadiario.com\/index.php\/wp-json\/wp\/v2\/media\/122641"}],"wp:attachment":[{"href":"https:\/\/www.actualidadadiario.com\/index.php\/wp-json\/wp\/v2\/media?parent=122835"}],"wp:term":[{"taxonomy":"category","embeddable":true,"href":"https:\/\/www.actualidadadiario.com\/index.php\/wp-json\/wp\/v2\/categories?post=122835"},{"taxonomy":"post_tag","embeddable":true,"href":"https:\/\/www.actualidadadiario.com\/index.php\/wp-json\/wp\/v2\/tags?post=122835"}],"curies":[{"name":"wp","href":"https:\/\/api.w.org\/{rel}","templated":true}]}}