{"id":122832,"date":"2024-11-16T10:24:32","date_gmt":"2024-11-16T13:24:32","guid":{"rendered":"https:\/\/www.actualidadadiario.com\/?p=122832"},"modified":"2024-11-16T10:24:32","modified_gmt":"2024-11-16T13:24:32","slug":"el-gobernador-dejo-inaugurada-la-fiesta-nacional-del-asado-con-cuero-en-viale","status":"publish","type":"post","link":"https:\/\/www.actualidadadiario.com\/index.php\/2024\/11\/16\/el-gobernador-dejo-inaugurada-la-fiesta-nacional-del-asado-con-cuero-en-viale\/","title":{"rendered":"El gobernador dej\u00f3 inaugurada la Fiesta Nacional del Asado con Cuero en Viale"},"content":{"rendered":"<p style=\"text-align: center;\"><em><strong>El gobernador Rogelio Frigerio visit\u00f3 este viernes la 22\u00ba edici\u00f3n de la tradicional Fiesta Nacional del Asado con Cuero, en Viale. &#8220;Quiero mostrarle al resto de la Argentina y del mundo esta fiesta maravillosa donde se come la mejor carne&#8221;, dijo el mandatario<\/strong><\/em><\/p>\n<p>&nbsp;<\/p>\n<p>&nbsp;<\/p>\n<p>Junto al intendente de Viale, Carlos Weiss, y el presidente de Viale Football Club, organizadores de la fiesta, Fabi\u00e1n Ludi, el gobernador invit\u00f3 a los entrerrianos y a los turistas a visitar la fiesta del asado con cuero. &#8220;Es casi una obligaci\u00f3n visitarla, es un gusto y quiero mostrarle al resto de la Argentina y del mundo esta fiesta maravillosa donde se come la mejor carne&#8221;, subray\u00f3, e inmediatamente destac\u00f3 que la fiesta &#8220;es una de las m\u00e1s importantes que tenemos en la provincia y una oportunidad para que nos conozcan, para que vengan a visitarnos, para que disfruten de las cosas que sabemos hacer bien como el asado con cuero y nuestra gente&#8221;.<\/p>\n<p>Valor\u00f3 el esfuerzo de los organizadores para &#8220;mantener esta fiesta nacional que exige una enorme responsabilidad y trabajo, y eso es lo que hacen en Viale y me llena de orgullo&#8221;.<\/p>\n<p>All\u00ed, record\u00f3 que este a\u00f1o se va a estrenar el Entre Mixto de Turismo, una asociaci\u00f3n p\u00fablica privada que determina las pol\u00edticas del turismo en la provincia: &#8220;Tenemos un enorme potencial tur\u00edstico por muchas razones, por la ubicaci\u00f3n geogr\u00e1fica privilegiada, los r\u00edos, las bellezas naturales, el don de gente, pero desaprovechados durante muchos a\u00f1os por no tener pol\u00edticas claras, por no tener una\u00a0 buena comunicaci\u00f3n de lo que podemos dar y a esto lo estamos intentando revertir&#8221;, precis\u00f3 el gobernador. Luego agreg\u00f3: &#8220;Entendemos que esto se revierte con la participaci\u00f3n de los protagonistas del turismo que son los hoteleros, gastron\u00f3micos, los que brindan ofertas culturales, intendentes, todos tenemos que estar detr\u00e1s del apoyo al turismo porque es una fuente de empleo muy importante&#8221;.<\/p>\n<p>En este marco, reiter\u00f3: &#8220;Nuestro norte es fomentar empleo de calidad en el sector privado, eso nos va a permitir ponernos de pie, desarrollarnos y dar respuestas a los entrerrianos de una demanda que lleva much\u00edsimo tiempo&#8221;.<\/p>\n<p>Por su parte, el intendente Carlos Weiss destac\u00f3 la importancia del evento para la localidad y la regi\u00f3n. En ese marco, invit\u00f3 a todos a que visiten la fiesta para que disfruten del mejor asado con cuero de pa\u00eds y de los shows que habr\u00e1 en el escenario.<\/p>\n<p>La fiesta se desarrolla en la sede de Viale Football Club, hasta el domingo, donde se podr\u00e1 disfrutar de una amplia cartelera de espect\u00e1culos, patios de comida, numerosos stands comerciales y artesanales, as\u00ed como tambi\u00e9n pe\u00f1as folcl\u00f3ricas durante las noches.<\/p>\n<p>Durante los tres d\u00edas de la fiesta se desarrolla el concurso de asadores, donde compiten equipos de todo el pa\u00eds. Este concurso tiene como objetivo revalorizar esta comida t\u00edpica de la regi\u00f3n.<\/p>\n<p>Este s\u00e1bado se presentar\u00e1 la escuela de danzas folcl\u00f3ricas Ra\u00edces Nuestras, Los del Litoral, Cantares de mi Entre R\u00edos, Miguel Figueroa, Ahyre y los Bam Band. En tanto, el domingo, noche de cierre actuar\u00e1n la Escuela Opat\u00ed Ma, Grupo Alta Revoluci\u00f3n, Beto Can\u00e9 y su conjunto chamamecero, Nahuel Borr\u00e1, Los paisanos y Mario Pereyra.<\/p>\n","protected":false},"excerpt":{"rendered":"<p>El gobernador Rogelio Frigerio visit\u00f3 este viernes la 22\u00ba edici\u00f3n de la tradicional Fiesta Nacional del Asado con Cuero, en Viale. &#8220;Quiero mostrarle al resto de la Argentina y del mundo esta fiesta maravillosa donde se come la mejor carne&#8221;, dijo el mandatario &nbsp; &nbsp; Junto al intendente de Viale, Carlos Weiss, y el presidente de Viale Football Club, organizadores de la fiesta, Fabi\u00e1n Ludi, el gobernador invit\u00f3 a los entrerrianos y a los turistas a visitar la fiesta del asado con cuero. &#8220;Es casi una obligaci\u00f3n visitarla, es un&#8230;<\/p>\n","protected":false},"author":3,"featured_media":122833,"comment_status":"closed","ping_status":"closed","sticky":false,"template":"","format":"standard","meta":[],"categories":[15],"tags":[],"_links":{"self":[{"href":"https:\/\/www.actualidadadiario.com\/index.php\/wp-json\/wp\/v2\/posts\/122832"}],"collection":[{"href":"https:\/\/www.actualidadadiario.com\/index.php\/wp-json\/wp\/v2\/posts"}],"about":[{"href":"https:\/\/www.actualidadadiario.com\/index.php\/wp-json\/wp\/v2\/types\/post"}],"author":[{"embeddable":true,"href":"https:\/\/www.actualidadadiario.com\/index.php\/wp-json\/wp\/v2\/users\/3"}],"replies":[{"embeddable":true,"href":"https:\/\/www.actualidadadiario.com\/index.php\/wp-json\/wp\/v2\/comments?post=122832"}],"version-history":[{"count":1,"href":"https:\/\/www.actualidadadiario.com\/index.php\/wp-json\/wp\/v2\/posts\/122832\/revisions"}],"predecessor-version":[{"id":122834,"href":"https:\/\/www.actualidadadiario.com\/index.php\/wp-json\/wp\/v2\/posts\/122832\/revisions\/122834"}],"wp:featuredmedia":[{"embeddable":true,"href":"https:\/\/www.actualidadadiario.com\/index.php\/wp-json\/wp\/v2\/media\/122833"}],"wp:attachment":[{"href":"https:\/\/www.actualidadadiario.com\/index.php\/wp-json\/wp\/v2\/media?parent=122832"}],"wp:term":[{"taxonomy":"category","embeddable":true,"href":"https:\/\/www.actualidadadiario.com\/index.php\/wp-json\/wp\/v2\/categories?post=122832"},{"taxonomy":"post_tag","embeddable":true,"href":"https:\/\/www.actualidadadiario.com\/index.php\/wp-json\/wp\/v2\/tags?post=122832"}],"curies":[{"name":"wp","href":"https:\/\/api.w.org\/{rel}","templated":true}]}}