{"id":122830,"date":"2024-11-16T10:22:58","date_gmt":"2024-11-16T13:22:58","guid":{"rendered":"https:\/\/www.actualidadadiario.com\/?p=122830"},"modified":"2024-11-16T10:22:58","modified_gmt":"2024-11-16T13:22:58","slug":"para-este-fin-de-semana-largo-hay-un-75-de-reservas-en-alojamientos-en-entre-rios","status":"publish","type":"post","link":"https:\/\/www.actualidadadiario.com\/index.php\/2024\/11\/16\/para-este-fin-de-semana-largo-hay-un-75-de-reservas-en-alojamientos-en-entre-rios\/","title":{"rendered":"Para este fin de semana largo hay un 75% de reservas en alojamientos en Entre R\u00edos"},"content":{"rendered":"<p style=\"text-align: center;\"><em><strong>Con motivo del feriado trasladable del D\u00eda Nacional de la Soberan\u00eda, se realiz\u00f3 un informe elaborado por la Direcci\u00f3n de Competitividad, Incentivos e Inversiones de la Secretar\u00eda de Turismo de Entre R\u00edos, en colaboraci\u00f3n con los municipios tur\u00edsticos y la C\u00e1mara Entrerriana de Turismo (CET). Es el \u00faltimo fin de semana largo del a\u00f1o en la que habr\u00e1 dos fiestas nacionales y tres fiestas provinciales<\/strong><\/em><\/p>\n<p>&nbsp;<\/p>\n<p>&nbsp;<\/p>\n<p>El \u00faltimo fin de semana largo del a\u00f1o genera expectativas en el sector tur\u00edstico provincial. Ser\u00e1n tres d\u00edas no laborales, con motivo del feriado trasladable del D\u00eda Nacional de la Soberan\u00eda, que se convierten en ocasi\u00f3n oportuna para la escapada de descanso y recreaci\u00f3n en familia.<\/p>\n<p>De acuerdo al informe elaborado por la Direcci\u00f3n de Competitividad, Incentivos e Inversiones de la Secretar\u00eda de Turismo de Entre R\u00edos, en colaboraci\u00f3n con los municipios tur\u00edsticos y la C\u00e1mara Entrerriana de Turismo (CET), las reservas de plazas hoteleras y parahoteleras por dos noches de estad\u00edas llegan a un promedio de 75% pronosticando un fin de semana de intenso movimiento tur\u00edstico.<\/p>\n<p>Adem\u00e1s de su propuesta tur\u00edstica permanente, Entre R\u00edos ofrecer\u00e1 a residentes y visitantes una variedad de actividades, eventos y fiestas populares que potencian el atractivo de cada d\u00eda.<\/p>\n<p>Entre ellos, se encuentra\u00a0 la Fiesta Nacional del Asado con Cuero, que encendi\u00f3 el fog\u00f3n en Viale el pasado jueves y se extender\u00e1 con sabores, pe\u00f1as y escenario art\u00edstico hasta la noche del domingo, y la Fiesta Nacional del Arroz que de viernes a domingo invita a San Salvador con exposici\u00f3n agrocomercial y espect\u00e1culos para todo p\u00fablico.<\/p>\n<p>Asimismo, se llevar\u00e1 a cabo la Fiesta Provincial \u201cManos de mi pueblo\u201d en Primero de Mayo, la Fiesta Provincial de las Aldeas en Aldea Brasilera, la Fiesta Provincial de M\u00fasica y Arte en Victoria<\/p>\n<p>Tambi\u00e9n habr\u00e1 festividades locales arraigadas a la comunidad como la Fiesta del Asado y la Galleta de Gualeguay, la Fiesta de las Costumbres Argentinas de Pueblo Belgrano, la Fiesta del Cuchillero de Federal y la Fiesta de las Comidas T\u00edpicas de los Alemanes del Volga de Santa Anita.<\/p>\n","protected":false},"excerpt":{"rendered":"<p>Con motivo del feriado trasladable del D\u00eda Nacional de la Soberan\u00eda, se realiz\u00f3 un informe elaborado por la Direcci\u00f3n de Competitividad, Incentivos e Inversiones de la Secretar\u00eda de Turismo de Entre R\u00edos, en colaboraci\u00f3n con los municipios tur\u00edsticos y la C\u00e1mara Entrerriana de Turismo (CET). Es el \u00faltimo fin de semana largo del a\u00f1o en la que habr\u00e1 dos fiestas nacionales y tres fiestas provinciales &nbsp; &nbsp; El \u00faltimo fin de semana largo del a\u00f1o genera expectativas en el sector tur\u00edstico provincial. Ser\u00e1n tres d\u00edas no laborales, con motivo del&#8230;<\/p>\n","protected":false},"author":3,"featured_media":111907,"comment_status":"closed","ping_status":"closed","sticky":false,"template":"","format":"standard","meta":[],"categories":[15],"tags":[],"_links":{"self":[{"href":"https:\/\/www.actualidadadiario.com\/index.php\/wp-json\/wp\/v2\/posts\/122830"}],"collection":[{"href":"https:\/\/www.actualidadadiario.com\/index.php\/wp-json\/wp\/v2\/posts"}],"about":[{"href":"https:\/\/www.actualidadadiario.com\/index.php\/wp-json\/wp\/v2\/types\/post"}],"author":[{"embeddable":true,"href":"https:\/\/www.actualidadadiario.com\/index.php\/wp-json\/wp\/v2\/users\/3"}],"replies":[{"embeddable":true,"href":"https:\/\/www.actualidadadiario.com\/index.php\/wp-json\/wp\/v2\/comments?post=122830"}],"version-history":[{"count":1,"href":"https:\/\/www.actualidadadiario.com\/index.php\/wp-json\/wp\/v2\/posts\/122830\/revisions"}],"predecessor-version":[{"id":122831,"href":"https:\/\/www.actualidadadiario.com\/index.php\/wp-json\/wp\/v2\/posts\/122830\/revisions\/122831"}],"wp:featuredmedia":[{"embeddable":true,"href":"https:\/\/www.actualidadadiario.com\/index.php\/wp-json\/wp\/v2\/media\/111907"}],"wp:attachment":[{"href":"https:\/\/www.actualidadadiario.com\/index.php\/wp-json\/wp\/v2\/media?parent=122830"}],"wp:term":[{"taxonomy":"category","embeddable":true,"href":"https:\/\/www.actualidadadiario.com\/index.php\/wp-json\/wp\/v2\/categories?post=122830"},{"taxonomy":"post_tag","embeddable":true,"href":"https:\/\/www.actualidadadiario.com\/index.php\/wp-json\/wp\/v2\/tags?post=122830"}],"curies":[{"name":"wp","href":"https:\/\/api.w.org\/{rel}","templated":true}]}}