{"id":122825,"date":"2024-11-16T10:19:27","date_gmt":"2024-11-16T13:19:27","guid":{"rendered":"https:\/\/www.actualidadadiario.com\/?p=122825"},"modified":"2024-11-16T10:19:27","modified_gmt":"2024-11-16T13:19:27","slug":"confirmaron-las-fechas-tentativas-del-calendario-escolar-2025-en-entre-rios-2","status":"publish","type":"post","link":"https:\/\/www.actualidadadiario.com\/index.php\/2024\/11\/16\/confirmaron-las-fechas-tentativas-del-calendario-escolar-2025-en-entre-rios-2\/","title":{"rendered":"Confirmaron las fechas tentativas del calendario escolar 2025 en Entre R\u00edos"},"content":{"rendered":"<p style=\"text-align: center;\"><em><strong>Las fechas tentativas del calendario escolar 2025 comprenden el d\u00eda en el que comienzan y terminan las clases y las fechas para las vacaciones de invierno<\/strong><\/em><\/p>\n<p>&nbsp;<\/p>\n<p>&nbsp;<\/p>\n<p>La titular del Concejo General de Educaci\u00f3n, Alicia Fregonese, confirm\u00f3 las fechas tentativas para el calendario escolar 2025.<\/p>\n<p>\u201cEn un principio, es posible que el inicio de clases sea el 24 de febrero, mientras que directivos, supervisores y docentes comenzar\u00e1n a presentarse en las escuelas el d\u00eda 10 de febrero; el receso escolar ser\u00eda del 7 al 18 de julio y la finalizaci\u00f3n de las clases estar\u00eda prevista para el 22 de diciembre\u201d, especific\u00f3 la funcionaria de Educaci\u00f3n.<\/p>\n<p>Las declaraciones de Fregonese fueron en el marco de la firma del acuerdo paritario entre el gobierno provincial y los gremios docentes.<\/p>\n<p>\u201cDebemos discutir hacia adelante\u201d, sentenci\u00f3 la titular del CGE; no sin antes aclarar que, durante el presente a\u00f1o, \u201chubo 24 d\u00edas de paros docentes, entre los nacionales y provinciales\u201d.<\/p>\n<p>En la oportunidad, se le consult\u00f3 a Fregonese por la disposici\u00f3n del CGE para la implementaci\u00f3n de \u201cdeclaraciones juradas&#8221; como una metodolog\u00eda para realizar un relevamiento de la prestaci\u00f3n de servicios de docentes y no docentes en los establecimientos educativos.<\/p>\n<p>\u201cEn la discusi\u00f3n de la Resoluci\u00f3n 2771 establecemos la importancia de que el docente est\u00e9 en el aula y poder conocer la cantidad de d\u00edas en las que est\u00e1 porque de eso depende la continuidad pedag\u00f3gica del alumno\u201d, fundament\u00f3 al respecto.<\/p>\n<p>Al dar cuenta de la importancia de la \u201cvocaci\u00f3n de di\u00e1logo y construcci\u00f3n\u201d de la gesti\u00f3n de gobierno, Fregonese destac\u00f3 la importancia de \u201cdeterminar la manera de mejorar las condiciones laborales de los docentes, infraestructura escolar y la conectividad para que la situaci\u00f3n de ense\u00f1anza en las escuelas sea m\u00e1s amigable\u201d.<\/p>\n","protected":false},"excerpt":{"rendered":"<p>Las fechas tentativas del calendario escolar 2025 comprenden el d\u00eda en el que comienzan y terminan las clases y las fechas para las vacaciones de invierno &nbsp; &nbsp; La titular del Concejo General de Educaci\u00f3n, Alicia Fregonese, confirm\u00f3 las fechas tentativas para el calendario escolar 2025. \u201cEn un principio, es posible que el inicio de clases sea el 24 de febrero, mientras que directivos, supervisores y docentes comenzar\u00e1n a presentarse en las escuelas el d\u00eda 10 de febrero; el receso escolar ser\u00eda del 7 al 18 de julio y la&#8230;<\/p>\n","protected":false},"author":3,"featured_media":88546,"comment_status":"closed","ping_status":"closed","sticky":false,"template":"","format":"standard","meta":[],"categories":[15],"tags":[],"_links":{"self":[{"href":"https:\/\/www.actualidadadiario.com\/index.php\/wp-json\/wp\/v2\/posts\/122825"}],"collection":[{"href":"https:\/\/www.actualidadadiario.com\/index.php\/wp-json\/wp\/v2\/posts"}],"about":[{"href":"https:\/\/www.actualidadadiario.com\/index.php\/wp-json\/wp\/v2\/types\/post"}],"author":[{"embeddable":true,"href":"https:\/\/www.actualidadadiario.com\/index.php\/wp-json\/wp\/v2\/users\/3"}],"replies":[{"embeddable":true,"href":"https:\/\/www.actualidadadiario.com\/index.php\/wp-json\/wp\/v2\/comments?post=122825"}],"version-history":[{"count":1,"href":"https:\/\/www.actualidadadiario.com\/index.php\/wp-json\/wp\/v2\/posts\/122825\/revisions"}],"predecessor-version":[{"id":122826,"href":"https:\/\/www.actualidadadiario.com\/index.php\/wp-json\/wp\/v2\/posts\/122825\/revisions\/122826"}],"wp:featuredmedia":[{"embeddable":true,"href":"https:\/\/www.actualidadadiario.com\/index.php\/wp-json\/wp\/v2\/media\/88546"}],"wp:attachment":[{"href":"https:\/\/www.actualidadadiario.com\/index.php\/wp-json\/wp\/v2\/media?parent=122825"}],"wp:term":[{"taxonomy":"category","embeddable":true,"href":"https:\/\/www.actualidadadiario.com\/index.php\/wp-json\/wp\/v2\/categories?post=122825"},{"taxonomy":"post_tag","embeddable":true,"href":"https:\/\/www.actualidadadiario.com\/index.php\/wp-json\/wp\/v2\/tags?post=122825"}],"curies":[{"name":"wp","href":"https:\/\/api.w.org\/{rel}","templated":true}]}}