{"id":122823,"date":"2024-11-16T10:18:49","date_gmt":"2024-11-16T13:18:49","guid":{"rendered":"https:\/\/www.actualidadadiario.com\/?p=122823"},"modified":"2024-11-16T10:18:49","modified_gmt":"2024-11-16T13:18:49","slug":"que-documentacion-pediran-a-conductores-en-rutas-de-entre-rios-santa-fe-y-cordoba-2","status":"publish","type":"post","link":"https:\/\/www.actualidadadiario.com\/index.php\/2024\/11\/16\/que-documentacion-pediran-a-conductores-en-rutas-de-entre-rios-santa-fe-y-cordoba-2\/","title":{"rendered":"Qu\u00e9 documentaci\u00f3n pedir\u00e1n a conductores en rutas de Entre R\u00edos, Santa Fe y C\u00f3rdoba"},"content":{"rendered":"<p style=\"text-align: center;\"><em><strong>Las tres provincias definieron unificar el criterio sobre lo que van a requerir las camineras a los conductores. Ser\u00e1n cinco documentos y los rodados registrados en entre R\u00edos est\u00e1n exceptuados de uno de ellos<\/strong><\/em><\/p>\n<p>&nbsp;<\/p>\n<p>&nbsp;<\/p>\n<p>La primera reuni\u00f3n de la Mesa de Seguridad Vial de la Regi\u00f3n Centro con representantes de las tres provincias que la componen: Santa Fe, C\u00f3rdoba y Entre R\u00edos concluy\u00f3 con un acuerdo sobre la documentaci\u00f3n que van a requerir las camineras a los conductores.<\/p>\n<p>Se defini\u00f3 unificar el criterio en las tres provincias. Por lo tanto, en el marco de los operativos viales, los conductores deber\u00e1n exhibir la licencia de conducir en formato f\u00edsico, el DNI del conductor, la p\u00f3liza de seguro, la c\u00e9dula de identificaci\u00f3n del veh\u00edculo (tarjeta verde) y la RTO vigente (excepto Entre R\u00edos que no tiene este requisito como obligatorio).<\/p>\n<p>&nbsp;<\/p>\n<p><strong>Articular entre las provincias y \u201cmensaje claro\u201d<\/strong><\/p>\n<p>La subsecretaria de Regi\u00f3n Centro, Claudia Giaccone, explic\u00f3 que se tom\u00f3 una resoluci\u00f3n importante porque \u201ca veces no se dimensiona lo que significa articular entre las provincias y en este caso con rutas y corredores que transitamos permanentemente que nos unen, pero tenemos disposiciones distintas en cada una de las provincias. Entonces, m\u00e1s que nunca, si pensamos como Regi\u00f3n, esto de pasar en auto de una provincia a otra y que te pidan cosas distintas es algo que ten\u00edamos que empezar a articular\u201d.<\/p>\n<p>En el mismo sentido, el secretario de la Agencia Provincial de Seguridad Vial (APSV) de Santa Fe, Carlos Torres, destac\u00f3: \u201cPudimos coordinar una reuni\u00f3n entre los m\u00e1ximos referentes de seguridad vial de las tres provincias. Compartimos much\u00edsima informaci\u00f3n de las cosas que hacemos en Santa Fe y de lo que hacen las otras provincias en seguridad vial y pol\u00edticas de control\u201d.<\/p>\n<p>Luego explic\u00f3: \u201cR\u00e1pidamente nos pusimos de acuerdo y coordinamos algunas tareas para el futuro. La idea es sentar en una mesa a los referentes de las tres polic\u00edas de Seguridad Vial y que entre ellos coordinen un trabajo conjunto\u201d.<\/p>\n<p>\u201cEs muy importante para la gente que circula en estas tres provincias que tengan un mensaje claro de que, desde la seguridad vial, los estamos cuidando, porque el objetivo com\u00fan es disminuir los siniestros viales, sobre todo teniendo en cuenta que se viene la temporada estival donde se multiplica la circulaci\u00f3n de veh\u00edculos\u201d, manifest\u00f3.<\/p>\n<p>Revisi\u00f3n T\u00e9cnica Vehicular no es obligatoria para veh\u00edculos registrados en Entre R\u00edos<\/p>\n<p>Torres se refiri\u00f3 a la vigencia de la Revisi\u00f3n T\u00e9cnica Vehicular: \u201cEs obligatoria para los veh\u00edculos registrados en C\u00f3rdoba y Santa Fe, no as\u00ed en Entre R\u00edos. Entonces, nos pusimos de acuerdo en que a los veh\u00edculos radicados en Entre R\u00edos, que pasen por la provincia de Santa Fe y de C\u00f3rdoba, no se les va a pedir la RTO, por razones obvias\u201d.<\/p>\n<p>Pero el resto de los veh\u00edculos, \u201cde acuerdo a la legislaci\u00f3n vigente, tanto en Santa Fe como en C\u00f3rdoba, tienen la obligaci\u00f3n de tener la RTO y, por lo tanto, se les va a exigir\u201d.<\/p>\n<p>&nbsp;<\/p>\n<p><strong>Operativo verano<\/strong><\/p>\n<p>Por su parte, el director general de Prevenci\u00f3n de Accidentes de Tr\u00e1nsito de la Provincia de C\u00f3rdoba, Miguel \u00c1ngel Rizzotti, remarc\u00f3: \u201cEstamos en los preparativos para armar este corredor que va a ser C\u00f3rdoba, Santa Fe, Entre R\u00edos y sentando las bases para este nuevo Operativo Verano donde vamos a trabajar las tres provincias y las tres polic\u00edas viales. Es muy importante trabajar en la prevenci\u00f3n, se debati\u00f3 una serie de temas como documentaci\u00f3n a pedir y una serie de acciones en conjunto enfocadas a facilitarle la vida a todos los ciudadanos\u201d.<\/p>\n<p>Finalmente, la coordinadora general del Observatorio de Seguridad Vial de Entre R\u00edos, Ana Elle, se\u00f1al\u00f3 la necesidad de trabajar en \u201ctodos los factores que contribuyen a la siniestralidad y que es lo que se trata de reducir, principalmente la cantidad de fallecidos y personas que perdemos diariamente en nuestras rutas\u201d.<\/p>\n","protected":false},"excerpt":{"rendered":"<p>Las tres provincias definieron unificar el criterio sobre lo que van a requerir las camineras a los conductores. Ser\u00e1n cinco documentos y los rodados registrados en entre R\u00edos est\u00e1n exceptuados de uno de ellos &nbsp; &nbsp; La primera reuni\u00f3n de la Mesa de Seguridad Vial de la Regi\u00f3n Centro con representantes de las tres provincias que la componen: Santa Fe, C\u00f3rdoba y Entre R\u00edos concluy\u00f3 con un acuerdo sobre la documentaci\u00f3n que van a requerir las camineras a los conductores. Se defini\u00f3 unificar el criterio en las tres provincias. Por&#8230;<\/p>\n","protected":false},"author":3,"featured_media":99991,"comment_status":"closed","ping_status":"closed","sticky":false,"template":"","format":"standard","meta":[],"categories":[9],"tags":[],"_links":{"self":[{"href":"https:\/\/www.actualidadadiario.com\/index.php\/wp-json\/wp\/v2\/posts\/122823"}],"collection":[{"href":"https:\/\/www.actualidadadiario.com\/index.php\/wp-json\/wp\/v2\/posts"}],"about":[{"href":"https:\/\/www.actualidadadiario.com\/index.php\/wp-json\/wp\/v2\/types\/post"}],"author":[{"embeddable":true,"href":"https:\/\/www.actualidadadiario.com\/index.php\/wp-json\/wp\/v2\/users\/3"}],"replies":[{"embeddable":true,"href":"https:\/\/www.actualidadadiario.com\/index.php\/wp-json\/wp\/v2\/comments?post=122823"}],"version-history":[{"count":1,"href":"https:\/\/www.actualidadadiario.com\/index.php\/wp-json\/wp\/v2\/posts\/122823\/revisions"}],"predecessor-version":[{"id":122824,"href":"https:\/\/www.actualidadadiario.com\/index.php\/wp-json\/wp\/v2\/posts\/122823\/revisions\/122824"}],"wp:featuredmedia":[{"embeddable":true,"href":"https:\/\/www.actualidadadiario.com\/index.php\/wp-json\/wp\/v2\/media\/99991"}],"wp:attachment":[{"href":"https:\/\/www.actualidadadiario.com\/index.php\/wp-json\/wp\/v2\/media?parent=122823"}],"wp:term":[{"taxonomy":"category","embeddable":true,"href":"https:\/\/www.actualidadadiario.com\/index.php\/wp-json\/wp\/v2\/categories?post=122823"},{"taxonomy":"post_tag","embeddable":true,"href":"https:\/\/www.actualidadadiario.com\/index.php\/wp-json\/wp\/v2\/tags?post=122823"}],"curies":[{"name":"wp","href":"https:\/\/api.w.org\/{rel}","templated":true}]}}