{"id":122817,"date":"2024-11-15T15:49:22","date_gmt":"2024-11-15T18:49:22","guid":{"rendered":"https:\/\/www.actualidadadiario.com\/?p=122817"},"modified":"2024-11-15T15:49:22","modified_gmt":"2024-11-15T18:49:22","slug":"presupuesto-los-gobernadores-de-juntos-analizan-acordar-con-la-oposicion","status":"publish","type":"post","link":"https:\/\/www.actualidadadiario.com\/index.php\/2024\/11\/15\/presupuesto-los-gobernadores-de-juntos-analizan-acordar-con-la-oposicion\/","title":{"rendered":"Presupuesto: los gobernadores de Juntos analizan acordar con la oposici\u00f3n"},"content":{"rendered":"<p style=\"text-align: center;\"><em><strong>Crece la bronca por los ATN que la Rosada le gir\u00f3 a Catamarca, Tucum\u00e1n, Salta y Misiones despu\u00e9s del veto. Encuentro Federal, el PRO y la UCR eval\u00faan un dictamen propio<\/strong><\/em><\/p>\n<p>&nbsp;<\/p>\n<p>&nbsp;<\/p>\n<p>Los gobernadores de Juntos se hartaron del ninguneo de Javier Milei y coordinaron con los legisladores del pichettismo, el PRO y el radicalismo la elaboraci\u00f3n de un dictamen propio que incluya sus demandas. &#8220;Se pudrieron todos, hasta el PRO se plant\u00f3, y por eso no sali\u00f3 el dictamen hoy&#8221;, dijo el colaborador de uno de los gobernadores.<\/p>\n<p>Acaso advertido de la bronca de los aliados, el diputado Jos\u00e9 Luis Espert asegur\u00f3 al inicio de la Comisi\u00f3n de Presupuesto que la intenci\u00f3n del oficialismo era sancionar el proyecto que present\u00f3 el Presidente el pasado 15 de septiembre.<\/p>\n<p>Este gesto puso en alerta al peronismo pero, al mismo tiempo, agudiz\u00f3 el malestar de las bancadas que acompa\u00f1aron al gobierno o le concedieron gobernabilidad.<\/p>\n<p>Para colmo, los mandatarios provinciales de la UCR y el macrismo se quejan del trato privilegiado que la Casa Rosada le otorga a sus pares del peronismo no kirchnerista. Desde el entorno de uno de ellos, apuntaron que entre el 1\u00b0 y el 12 de noviembre, despu\u00e9s del blindaje al \u00faltimo veto de Milei, el gobierno gir\u00f3 ATN a las provincias peronistas que vienen acompa\u00f1ando a la Rosada: &#8220;Catamarca recibi\u00f3 3000 millones de pesos, Misiones 4000 millones, Salta 4500 millones y Tucum\u00e1n 4500 millones&#8221;, precisaron.<\/p>\n<p>En ese contexto, uno de los diputados de la bancada liderada por Miguel Pichetto reivindic\u00f3 a su bloque por haber trabajado en un dictamen alternativo al de LLA. &#8220;Yo veo que se viene un dictamen propio de Encuentro, Pro y UCR, ante la negativa del gobierno de negociar&#8221;, sostuvo.<\/p>\n<p>Los gobernadores de Juntos reclaman, en sinton\u00eda con el pichettismo, el financiamiento de de las cajas previsionales provinciales no transferidas, mientras que Balcarce 50 no se mueve de los 254 mil millones asignados, y el financiamiento de la compensaci\u00f3n del Pacto Fiscal 2017.<\/p>\n<p>Adem\u00e1s, plantean la eliminaci\u00f3n de las afectaciones espec\u00edficas del Impuesto a los Combustibles L\u00edquidos, cuyos fondos estar\u00edan subejecutados y pretenden que se coparticipen.<\/p>\n<p>Por \u00faltimo, los gobernadores piden la reducci\u00f3n del aporte que realizan las provincias de los fondos coparticipables para financiar a la AFIP (ahora ARCA) y la coparticipaci\u00f3n de los fondos de emergencia de los ATN no distribuidos.<\/p>\n<p>El destrato de Milei y las necesidades fiscales de las provincias est\u00e1n acercando m\u00e1s que nunca a los gobernadores y los bloques parlamentarios de la oposici\u00f3n dialoguista. &#8220;Es la primera vez que hay acuerdo en el PRO, los gobernadores de Juntos y los bloques de Pichetto y UCR para hacer algo en conjunto&#8221;, afirm\u00f3 un diputado de ese mundo.<\/p>\n","protected":false},"excerpt":{"rendered":"<p>Crece la bronca por los ATN que la Rosada le gir\u00f3 a Catamarca, Tucum\u00e1n, Salta y Misiones despu\u00e9s del veto. Encuentro Federal, el PRO y la UCR eval\u00faan un dictamen propio &nbsp; &nbsp; Los gobernadores de Juntos se hartaron del ninguneo de Javier Milei y coordinaron con los legisladores del pichettismo, el PRO y el radicalismo la elaboraci\u00f3n de un dictamen propio que incluya sus demandas. &#8220;Se pudrieron todos, hasta el PRO se plant\u00f3, y por eso no sali\u00f3 el dictamen hoy&#8221;, dijo el colaborador de uno de los gobernadores&#8230;.<\/p>\n","protected":false},"author":3,"featured_media":122339,"comment_status":"closed","ping_status":"closed","sticky":false,"template":"","format":"standard","meta":[],"categories":[18],"tags":[],"_links":{"self":[{"href":"https:\/\/www.actualidadadiario.com\/index.php\/wp-json\/wp\/v2\/posts\/122817"}],"collection":[{"href":"https:\/\/www.actualidadadiario.com\/index.php\/wp-json\/wp\/v2\/posts"}],"about":[{"href":"https:\/\/www.actualidadadiario.com\/index.php\/wp-json\/wp\/v2\/types\/post"}],"author":[{"embeddable":true,"href":"https:\/\/www.actualidadadiario.com\/index.php\/wp-json\/wp\/v2\/users\/3"}],"replies":[{"embeddable":true,"href":"https:\/\/www.actualidadadiario.com\/index.php\/wp-json\/wp\/v2\/comments?post=122817"}],"version-history":[{"count":1,"href":"https:\/\/www.actualidadadiario.com\/index.php\/wp-json\/wp\/v2\/posts\/122817\/revisions"}],"predecessor-version":[{"id":122818,"href":"https:\/\/www.actualidadadiario.com\/index.php\/wp-json\/wp\/v2\/posts\/122817\/revisions\/122818"}],"wp:featuredmedia":[{"embeddable":true,"href":"https:\/\/www.actualidadadiario.com\/index.php\/wp-json\/wp\/v2\/media\/122339"}],"wp:attachment":[{"href":"https:\/\/www.actualidadadiario.com\/index.php\/wp-json\/wp\/v2\/media?parent=122817"}],"wp:term":[{"taxonomy":"category","embeddable":true,"href":"https:\/\/www.actualidadadiario.com\/index.php\/wp-json\/wp\/v2\/categories?post=122817"},{"taxonomy":"post_tag","embeddable":true,"href":"https:\/\/www.actualidadadiario.com\/index.php\/wp-json\/wp\/v2\/tags?post=122817"}],"curies":[{"name":"wp","href":"https:\/\/api.w.org\/{rel}","templated":true}]}}