{"id":122815,"date":"2024-11-15T15:48:23","date_gmt":"2024-11-15T18:48:23","guid":{"rendered":"https:\/\/www.actualidadadiario.com\/?p=122815"},"modified":"2024-11-15T15:48:23","modified_gmt":"2024-11-15T18:48:23","slug":"el-gobierno-oficializo-la-baja-de-la-jubilacion-de-cristina-kirchner-y-la-pension-de-nestor-kirchner","status":"publish","type":"post","link":"https:\/\/www.actualidadadiario.com\/index.php\/2024\/11\/15\/el-gobierno-oficializo-la-baja-de-la-jubilacion-de-cristina-kirchner-y-la-pension-de-nestor-kirchner\/","title":{"rendered":"El Gobierno oficializ\u00f3 la baja de la jubilaci\u00f3n de Cristina Kirchner y la pensi\u00f3n de N\u00e9stor Kirchner"},"content":{"rendered":"<p style=\"text-align: center;\"><em><strong>A trav\u00e9s de la Resoluci\u00f3n 1092\/2024 se hizo oficial la baja de la jubilaci\u00f3n y de la pensi\u00f3n de privilegio de la ex presidenta<\/strong><\/em><\/p>\n<p>&nbsp;<\/p>\n<p>&nbsp;<\/p>\n<p>Tras el anuncio del vocero presidencial, Manuel Adorni, el Ejecutivo hizo efectiva hoy la baja de la jubilaci\u00f3n de privilegio de la ex presidenta Cristina Kirchner y tambi\u00e9n la pensi\u00f3n que recib\u00eda por su fallecido esposo, el ex presidente N\u00e9stor Kirchner.<\/p>\n<p>A trav\u00e9s de la Resoluci\u00f3n 1092\/2024 publicada en el Bolet\u00edn Oficial se indic\u00f3 que las asignaciones \u201cdevienen jur\u00eddicamente incompatibles para quien haya cometido un delito en ejercicio de la misma funci\u00f3n p\u00fablica\u201d. Se trata de la suma de 21.827.624 pesos.<\/p>\n<p>La resoluci\u00f3n recuerda que el pasado mi\u00e9rcoles la C\u00e1mara Federal de Casaci\u00f3n Penal confirmara la condena a la ex presidenta &#8220;a la pena de seis a\u00f1os de prisi\u00f3n e inhabilitaci\u00f3n especial perpetua para ejercer cargos p\u00fablicos accesorias legales y las costas del proceso, por considerarla autora penalmente responsable del delito de administraci\u00f3n fraudulenta en perjuicio de la administraci\u00f3n p\u00fablica\u201d.<\/p>\n<p>Por eso, se plantea en el documento que la decisi\u00f3n de eliminarle la jubilaci\u00f3n de privilegio y la pensi\u00f3n responde a la incompatibilidad con dicha causa, ya que \u201cla finalidad de las asignaciones oportunamente otorgadas a favor de la titular, ya sean directas o derivadas, devienen jur\u00eddicamente incompatibles para quien haya cometido un delito en ejercicio de la misma funci\u00f3n p\u00fablica por la cual ha accedido a dicha asignaci\u00f3n de privilegio y en perjuicio del Estado Nacional\u201d.<\/p>\n<p>Asimismo, se indica que \u201cuna particular circunstancia que otorga legitimidad de percepci\u00f3n a sus beneficiarios le viene dada por ciertas conductas que tienen que acreditar en funci\u00f3n del ejercicio de altos cargos en la Administraci\u00f3n P\u00fablica, siendo que esa premisa no solo tiene que acreditarse al cese en el cargo sino tambi\u00e9n durante la percepci\u00f3n del beneficio\u201d.<\/p>\n<p>Adem\u00e1s, se aclara que una condici\u00f3n fundamental para recibir el beneficio consiste en el \u201cbuen desempe\u00f1o en el cargo prestado en las altas esferas de la Naci\u00f3n\u201d.<\/p>\n<p>En tanto, la resoluci\u00f3n afirma que el beneficio previsto por la Ley 24.018 para ex presidentes y ex vicepresidentes de la Naci\u00f3n es una asignaci\u00f3n graciable \u201cque se otorga como contraprestaci\u00f3n al honor, m\u00e9rito y el buen desempe\u00f1o del cargo\u201d y que \u201cno tiene car\u00e1cter contributivo -esto es, no est\u00e1 sustentada en aportes equivalentes realizados por el propio beneficiario- constituye una gracia otorgada en reconocimiento del m\u00e9rito y del honor\u201d.<\/p>\n<p>Durante la conferencia del vocero presidencial, se aclar\u00f3 que Cristina Kirchner \u201cva a poder seguir cobrando una pensi\u00f3n y una jubilaci\u00f3n de acuerdo a sus aportes, y no por un adicional por los privilegios\u201d. Asimismo, la ex mandataria podr\u00e1 apelar la medida.<\/p>\n","protected":false},"excerpt":{"rendered":"<p>A trav\u00e9s de la Resoluci\u00f3n 1092\/2024 se hizo oficial la baja de la jubilaci\u00f3n y de la pensi\u00f3n de privilegio de la ex presidenta &nbsp; &nbsp; Tras el anuncio del vocero presidencial, Manuel Adorni, el Ejecutivo hizo efectiva hoy la baja de la jubilaci\u00f3n de privilegio de la ex presidenta Cristina Kirchner y tambi\u00e9n la pensi\u00f3n que recib\u00eda por su fallecido esposo, el ex presidente N\u00e9stor Kirchner. A trav\u00e9s de la Resoluci\u00f3n 1092\/2024 publicada en el Bolet\u00edn Oficial se indic\u00f3 que las asignaciones \u201cdevienen jur\u00eddicamente incompatibles para quien haya cometido&#8230;<\/p>\n","protected":false},"author":3,"featured_media":106124,"comment_status":"closed","ping_status":"closed","sticky":false,"template":"","format":"standard","meta":[],"categories":[18],"tags":[],"_links":{"self":[{"href":"https:\/\/www.actualidadadiario.com\/index.php\/wp-json\/wp\/v2\/posts\/122815"}],"collection":[{"href":"https:\/\/www.actualidadadiario.com\/index.php\/wp-json\/wp\/v2\/posts"}],"about":[{"href":"https:\/\/www.actualidadadiario.com\/index.php\/wp-json\/wp\/v2\/types\/post"}],"author":[{"embeddable":true,"href":"https:\/\/www.actualidadadiario.com\/index.php\/wp-json\/wp\/v2\/users\/3"}],"replies":[{"embeddable":true,"href":"https:\/\/www.actualidadadiario.com\/index.php\/wp-json\/wp\/v2\/comments?post=122815"}],"version-history":[{"count":1,"href":"https:\/\/www.actualidadadiario.com\/index.php\/wp-json\/wp\/v2\/posts\/122815\/revisions"}],"predecessor-version":[{"id":122816,"href":"https:\/\/www.actualidadadiario.com\/index.php\/wp-json\/wp\/v2\/posts\/122815\/revisions\/122816"}],"wp:featuredmedia":[{"embeddable":true,"href":"https:\/\/www.actualidadadiario.com\/index.php\/wp-json\/wp\/v2\/media\/106124"}],"wp:attachment":[{"href":"https:\/\/www.actualidadadiario.com\/index.php\/wp-json\/wp\/v2\/media?parent=122815"}],"wp:term":[{"taxonomy":"category","embeddable":true,"href":"https:\/\/www.actualidadadiario.com\/index.php\/wp-json\/wp\/v2\/categories?post=122815"},{"taxonomy":"post_tag","embeddable":true,"href":"https:\/\/www.actualidadadiario.com\/index.php\/wp-json\/wp\/v2\/tags?post=122815"}],"curies":[{"name":"wp","href":"https:\/\/api.w.org\/{rel}","templated":true}]}}