{"id":122812,"date":"2024-11-15T15:47:45","date_gmt":"2024-11-15T18:47:45","guid":{"rendered":"https:\/\/www.actualidadadiario.com\/?p=122812"},"modified":"2024-11-15T15:47:45","modified_gmt":"2024-11-15T18:47:45","slug":"solo-contra-el-kirchnerismo-el-gobierno-removio-el-busto-de-nestor-kirchner-de-anses","status":"publish","type":"post","link":"https:\/\/www.actualidadadiario.com\/index.php\/2024\/11\/15\/solo-contra-el-kirchnerismo-el-gobierno-removio-el-busto-de-nestor-kirchner-de-anses\/","title":{"rendered":"Solo contra el kirchnerismo: el Gobierno removi\u00f3 el busto de N\u00e9stor Kirchner de ANSES"},"content":{"rendered":"<p style=\"text-align: center;\"><em><strong>As\u00ed lo inform\u00f3 la ministra de Capital Humano, Sandra Pettovello, este viernes a trav\u00e9s de sus redes sociales. En esta nueva arremetida contra el kirchnerismo disfrazada de batalla cultural se llevaron la estatua del edificio en una camioneta<\/strong><\/em><\/p>\n<p>&nbsp;<\/p>\n<p>&nbsp;<\/p>\n<p>En una nueva arremetida contra el kirchnerismo, el Gobierno quit\u00f3 este viernes el busto del expresidente N\u00e9stor Kirchner de las oficinas de ANSES, ubicadas sobre la avenida Paseo Col\u00f3n, as\u00ed lo inform\u00f3 la ministra de Capital Humano, Sandra Pettovello, a trav\u00e9s de sus redes sociales.<\/p>\n<p>&#8220;En el d\u00eda de hoy, se retir\u00f3 el busto del ex presidente N\u00e9stor Kirchner que se encontraba en las oficinas de Anses de la Av. Paseo Col\u00f3n&#8221;, poste\u00f3 Pettovello donde, adem\u00e1s, adjunt\u00f3 cuatro fotos de los momentos en que dos operarios sacaban la estatua del exmandatario, que estaba ubicada en una tarima en la zona del ingreso. Despu\u00e9s se ve a estos dos hombres con gorra y guantes subir el busto a una camioneta Peugeot Partner ploteada con la insignia oficial y al\u00a0 busto en un lugar que parece un dep\u00f3sito, arriba de un pallet de madera.<\/p>\n<p>Tambi\u00e9n comparti\u00f3 en redes el momento Javier Lanari, n\u00famero dos del vocero Manuel Adorni, quien subi\u00f3 un video del momento de la remoci\u00f3n y lo musicaliz\u00f3 con &#8220;Un velero llamado Libertad&#8221;, de Jos\u00e9 Luis Perales. \u201cEn los edificios p\u00fablicos ya no se homenajean corruptos, ni saqueadores del Estado, ni l\u00edderes de asociaciones il\u00edcitas. Hoy en Anses se tom\u00f3 la decisi\u00f3n correcta\u201d, dijo. Cabe recordar que hasta el momento de su muerte, N\u00e9stor Kirchner no ten\u00eda condenas en su contra.<\/p>\n<p>&nbsp;<\/p>\n<p><strong>El repudio de los trabajadores del Anses<\/strong><\/p>\n<p>El Sindicato de los trabajadores y trabajadoras de la Anses (Secasfpi), compartieron un comunicado en sus redes sociales para repudiar la medida tomada por Pettovello que titularon La nueva \u2018Revoluci\u00f3n Libertadora\u2019. \u201cDesde el Secasfpi repudiamos la decisi\u00f3n del gobierno de Javier Milei de remover el busto del expresidente N\u00e9stor Kirchner del edificio de la Anses, en Paseo Col\u00f3n 239. Esta medida, cargada de simbolismo autoritario, no es un hecho aislado: es parte de un proceso sistem\u00e1tico de desmantelamiento de la memoria hist\u00f3rica, los derechos sociales y las conquistas populares de los \u00faltimos a\u00f1os\u201d, lamentaron desde el gremio, que est\u00e1 adherido a la CGT.<\/p>\n<p>Con la firma de la comisi\u00f3n directiva de la agrupaci\u00f3n, en el comunicado recordaron que la Argentina ya vivi\u00f3 una \u201cRevoluci\u00f3n Libertadora\u201d -por el nombre con que se autodenomin\u00f3 la dictadura militar que comenz\u00f3 en 1955 tras derrocar al entonces presidente Juan Domingo Per\u00f3n- y se\u00f1alaron que \u201cel r\u00f3tulo de \u2018libertad\u2019 sirvi\u00f3 entonces para justificar el odio de clase, la persecuci\u00f3n pol\u00edtica y la imposici\u00f3n de un modelo econ\u00f3mico que benefici\u00f3 a unos pocos en detrimento del pueblo trabajador\u201d.<\/p>\n<p>\u201cNo es solo un nombre o un busto: es el s\u00edmbolo de la recuperaci\u00f3n del trabajo como eje de dignidad, de la ampliaci\u00f3n de derechos previsionales y de una pol\u00edtica de memoria, verdad y justicia que marc\u00f3 un antes y un despu\u00e9s en nuestra democracia. Intentar borrar su legado de la historia es un acto de revancha ideol\u00f3gica que muestra el verdadero rostro de quienes hoy conducen el pa\u00eds: resentimiento, desprecio por el pueblo y sumisi\u00f3n al poder concentrado\u201d, remarcaron desde el Secasfpi al valorar la figura de N\u00e9stor Kirchner.<\/p>\n<p>Al concluir, advirtieron: \u201cNo nos callaremos. Seguiremos denunciando cada intento de desmantelar los derechos conquistados y de desfigurar nuestra historia. Porque la memoria no se borra, y porque trabajadores y trabajadoras no permitiremos que nos arrebaten lo que tanto cost\u00f3 construir\u201d.<\/p>\n","protected":false},"excerpt":{"rendered":"<p>As\u00ed lo inform\u00f3 la ministra de Capital Humano, Sandra Pettovello, este viernes a trav\u00e9s de sus redes sociales. En esta nueva arremetida contra el kirchnerismo disfrazada de batalla cultural se llevaron la estatua del edificio en una camioneta &nbsp; &nbsp; En una nueva arremetida contra el kirchnerismo, el Gobierno quit\u00f3 este viernes el busto del expresidente N\u00e9stor Kirchner de las oficinas de ANSES, ubicadas sobre la avenida Paseo Col\u00f3n, as\u00ed lo inform\u00f3 la ministra de Capital Humano, Sandra Pettovello, a trav\u00e9s de sus redes sociales. &#8220;En el d\u00eda de hoy,&#8230;<\/p>\n","protected":false},"author":3,"featured_media":122813,"comment_status":"closed","ping_status":"closed","sticky":false,"template":"","format":"standard","meta":[],"categories":[18],"tags":[],"_links":{"self":[{"href":"https:\/\/www.actualidadadiario.com\/index.php\/wp-json\/wp\/v2\/posts\/122812"}],"collection":[{"href":"https:\/\/www.actualidadadiario.com\/index.php\/wp-json\/wp\/v2\/posts"}],"about":[{"href":"https:\/\/www.actualidadadiario.com\/index.php\/wp-json\/wp\/v2\/types\/post"}],"author":[{"embeddable":true,"href":"https:\/\/www.actualidadadiario.com\/index.php\/wp-json\/wp\/v2\/users\/3"}],"replies":[{"embeddable":true,"href":"https:\/\/www.actualidadadiario.com\/index.php\/wp-json\/wp\/v2\/comments?post=122812"}],"version-history":[{"count":1,"href":"https:\/\/www.actualidadadiario.com\/index.php\/wp-json\/wp\/v2\/posts\/122812\/revisions"}],"predecessor-version":[{"id":122814,"href":"https:\/\/www.actualidadadiario.com\/index.php\/wp-json\/wp\/v2\/posts\/122812\/revisions\/122814"}],"wp:featuredmedia":[{"embeddable":true,"href":"https:\/\/www.actualidadadiario.com\/index.php\/wp-json\/wp\/v2\/media\/122813"}],"wp:attachment":[{"href":"https:\/\/www.actualidadadiario.com\/index.php\/wp-json\/wp\/v2\/media?parent=122812"}],"wp:term":[{"taxonomy":"category","embeddable":true,"href":"https:\/\/www.actualidadadiario.com\/index.php\/wp-json\/wp\/v2\/categories?post=122812"},{"taxonomy":"post_tag","embeddable":true,"href":"https:\/\/www.actualidadadiario.com\/index.php\/wp-json\/wp\/v2\/tags?post=122812"}],"curies":[{"name":"wp","href":"https:\/\/api.w.org\/{rel}","templated":true}]}}