{"id":122809,"date":"2024-11-15T15:46:32","date_gmt":"2024-11-15T18:46:32","guid":{"rendered":"https:\/\/www.actualidadadiario.com\/?p=122809"},"modified":"2024-11-15T15:46:32","modified_gmt":"2024-11-15T18:46:32","slug":"milei-hablo-mano-a-mano-con-trump-y-lo-lleno-de-elogios-el-mundo-es-mucho-mejor","status":"publish","type":"post","link":"https:\/\/www.actualidadadiario.com\/index.php\/2024\/11\/15\/milei-hablo-mano-a-mano-con-trump-y-lo-lleno-de-elogios-el-mundo-es-mucho-mejor\/","title":{"rendered":"Milei habl\u00f3 mano a mano con Trump y lo llen\u00f3 de elogios: \u201cEl mundo es mucho mejor\u201d"},"content":{"rendered":"<p style=\"text-align: center;\"><em><strong>El presidente le agradeci\u00f3 a Trump por la invitaci\u00f3n y lo felicit\u00f3 por su reciente victoria. Ambos mandatarios ratificaron su sinton\u00eda ideol\u00f3gica y personal durante la cena organizada por un think tank republicano<\/strong><\/em><\/p>\n<p>&nbsp;<\/p>\n<p>&nbsp;<\/p>\n<p>El presidente Javier Milei tuvo su esperado en la convenci\u00f3n conservadora que tiene lugar este jueves por la noche en el Estado de la Florida. Milei dio su discurso en castellano y fue fiel a sus apostolados de siempre. \u201cTodos mis discursos comienzan con Hola a todos!, muchas gracias por hacerme parte de este evento tan importante y por permitirme hablar aqu\u00ed entre ustedes que son unos verdaderos gigantes\u201d, comenz\u00f3 su discurso el mandatario argentino.<\/p>\n<p>Milei tuvo palabras muy afectuosas para con el due\u00f1o de casa, el flamante presidente electo Donald Trump. &#8220;Quiero comenzar primero felicitando al presidente electro Donald Trump por su contundente victoria, por la remontada pol\u00edtica m\u00e1s grande de la historia enfrentando a todo el establishment pol\u00edtico incluso poniendo en riesgo su propia vida y gracias a eso hoy el mundo es un mundo mucho mejor porque hoy los vientos de libertad soplan much\u00edsimo m\u00e1s fuerte&#8221;, remarc\u00f3. Y agreg\u00f3: \u201cun verdadero milagro y prueba fehaciente de que las fuerzas del cielo est\u00e1n de nuestro lado\u201d<\/p>\n<p>El \u201ccomunismo\u201d, siempre uno de los principales objetivos del actual ocupante de la Casa Rosada, tambi\u00e9n tuvo su lugar en el discurso. \u201cEn 1848 Marx comenz\u00f3 aquel panfleto siniestro que fue su manifiesto comunista diciendo que un fantasma recorr\u00eda Europa, el fantasma del comunismo, hoy un fantasma distinto recorre el mundo, el fantasma de la libertad\u201d, enfatiz\u00f3.<\/p>\n<p>El mandatario plante\u00f3 que \u201chay una mayor\u00eda silenciosa o, m\u00e1s bien, silenciada, que ha comenzado a hacerse escuchar a pesar de los enemigos de la libertad que se aferran al poder haciendo uso y abuso de la propaganda, la tergiversaci\u00f3n y la censura\u201d. En este punto, aprovech\u00f3 la oportunidad para enviar un mensaje al magnate due\u00f1o de Tesla. \u201cEs por eso que quiero agradecer muy particularmente al gran Elon Musk por su trabajo enorme en X que ha salvado a la humanidad\u201d, sostuvo. Su comentario gener\u00f3 varios aplausos entre los presentes.<\/p>\n<p>Luego, el Presidente se refiri\u00f3 a la situaci\u00f3n en Argentina y asegur\u00f3 que el pa\u00eds vivi\u00f3 \u201cla peor versi\u00f3n de este modelo esclavizante\u201d. De esta manera, se\u00f1al\u00f3 que \u201ctuvo como consecuencia material la tragedia econ\u00f3mica, que ha sido el \u00faltimo siglo de nuestra historia\u201d. \u201cImag\u00ednense que pasamos a ser uno de los tres pa\u00edses con el PBI per c\u00e1pita m\u00e1s alto del mundo a tener un salario promedio a de 400 d\u00f3lares para cuando nosotros asumimos\u201d, ejemplific\u00f3.<\/p>\n<p>En l\u00ednea con el discurso que brind\u00f3 el mi\u00e9rcoles ante la Fundaci\u00f3n Faro, el mandatario consider\u00f3 que este modelo \u201ccaus\u00f3 estragos en el esp\u00edritu humano de los ciudadanos\u201d. \u201cPero al final del camino el modelo se cay\u00f3 a pedazos por su propio peso, imag\u00ednense que un libertario llegue a la Presidencia no ocurre en condiciones normales de presi\u00f3n y temperatura\u201d, reiter\u00f3. Resalt\u00f3 as\u00ed que este fen\u00f3meno se da tambi\u00e9n \u201cen el resto del mundo libre, esta enfermedad del alma ha infectado a la clase dirigente durante a\u00f1os\u201d. \u201cAfortunadamente, las ideas de la izquierda tambi\u00e9n se empiezan a resquebrajar\u201d, enfatiz\u00f3.<\/p>\n<p>\u201cLo que sucedi\u00f3 en Argentina y en estas elecciones ahora es una prueba cabal de ello, porque en todo el mundo se est\u00e1n formando dos grandes posiciones antag\u00f3nicas: quienes est\u00e1n avergonzados de los valores de Occidente, contra quienes estamos orgullosos de ellos. El partido del Estado, contra el partido de los ciudadanos libres, el partido de la regulaci\u00f3n, contra el partido de la libertad\u201d, analiz\u00f3.<\/p>\n<p>As\u00ed, evoc\u00f3 a Jos\u00e9 Hern\u00e1ndez al citar la conocida frase del Mart\u00edn Fierro: \u201cLos hermanos sean unidos, esa es la ley primera, porque si entre ellos pelean, los devoran los de afuera\u201d. Con esto, sobre el final de su discurso, convoc\u00f3 a los diferentes l\u00edderes a \u201cunirse para hacer frente a esta barbarie\u201d al proponer \u201cuna alianza de naciones libres, custodios del legado occidental, estableciendo nuevos lazos pol\u00edticos\u201d.<\/p>\n<p>El canciller Werthein, en la puerta del hotel The Ben, describi\u00f3 las consecuencias pol\u00edticas del evento que observ\u00f3 en primera persona: \u201cDespu\u00e9s de las conversaciones entre el presidente Milei y el presidente Trump, que sirvieron para fortalecer los lazos de amistad y afinidad con las ideas de la libertad, se plantaron las bases para una relaci\u00f3n s\u00f3lida entre dos pa\u00edses amigos\u201d, dijo. Y concluy\u00f3: \u201cEsta relaci\u00f3n promete abrir enormes oportunidades para Argentina, donde habr\u00e1 un intercambio m\u00e1s profundo y beneficioso entre ambas naciones\u201d. La agenda com\u00fan entre Trump y Milei empieza el 20 de enero de 2025, ese d\u00eda el l\u00edder republicano asumir\u00e1 como presidente de los Estados Unidos.<\/p>\n","protected":false},"excerpt":{"rendered":"<p>El presidente le agradeci\u00f3 a Trump por la invitaci\u00f3n y lo felicit\u00f3 por su reciente victoria. Ambos mandatarios ratificaron su sinton\u00eda ideol\u00f3gica y personal durante la cena organizada por un think tank republicano &nbsp; &nbsp; El presidente Javier Milei tuvo su esperado en la convenci\u00f3n conservadora que tiene lugar este jueves por la noche en el Estado de la Florida. Milei dio su discurso en castellano y fue fiel a sus apostolados de siempre. \u201cTodos mis discursos comienzan con Hola a todos!, muchas gracias por hacerme parte de este evento&#8230;<\/p>\n","protected":false},"author":3,"featured_media":122810,"comment_status":"closed","ping_status":"closed","sticky":false,"template":"","format":"standard","meta":[],"categories":[9],"tags":[],"_links":{"self":[{"href":"https:\/\/www.actualidadadiario.com\/index.php\/wp-json\/wp\/v2\/posts\/122809"}],"collection":[{"href":"https:\/\/www.actualidadadiario.com\/index.php\/wp-json\/wp\/v2\/posts"}],"about":[{"href":"https:\/\/www.actualidadadiario.com\/index.php\/wp-json\/wp\/v2\/types\/post"}],"author":[{"embeddable":true,"href":"https:\/\/www.actualidadadiario.com\/index.php\/wp-json\/wp\/v2\/users\/3"}],"replies":[{"embeddable":true,"href":"https:\/\/www.actualidadadiario.com\/index.php\/wp-json\/wp\/v2\/comments?post=122809"}],"version-history":[{"count":1,"href":"https:\/\/www.actualidadadiario.com\/index.php\/wp-json\/wp\/v2\/posts\/122809\/revisions"}],"predecessor-version":[{"id":122811,"href":"https:\/\/www.actualidadadiario.com\/index.php\/wp-json\/wp\/v2\/posts\/122809\/revisions\/122811"}],"wp:featuredmedia":[{"embeddable":true,"href":"https:\/\/www.actualidadadiario.com\/index.php\/wp-json\/wp\/v2\/media\/122810"}],"wp:attachment":[{"href":"https:\/\/www.actualidadadiario.com\/index.php\/wp-json\/wp\/v2\/media?parent=122809"}],"wp:term":[{"taxonomy":"category","embeddable":true,"href":"https:\/\/www.actualidadadiario.com\/index.php\/wp-json\/wp\/v2\/categories?post=122809"},{"taxonomy":"post_tag","embeddable":true,"href":"https:\/\/www.actualidadadiario.com\/index.php\/wp-json\/wp\/v2\/tags?post=122809"}],"curies":[{"name":"wp","href":"https:\/\/api.w.org\/{rel}","templated":true}]}}