{"id":122804,"date":"2024-11-15T15:43:54","date_gmt":"2024-11-15T18:43:54","guid":{"rendered":"https:\/\/www.actualidadadiario.com\/?p=122804"},"modified":"2024-11-15T15:43:54","modified_gmt":"2024-11-15T18:43:54","slug":"calendario-2025-cuales-son-los-feriados-del-ano-que-viene","status":"publish","type":"post","link":"https:\/\/www.actualidadadiario.com\/index.php\/2024\/11\/15\/calendario-2025-cuales-son-los-feriados-del-ano-que-viene\/","title":{"rendered":"Calendario 2025: cu\u00e1les son los feriados del a\u00f1o que viene"},"content":{"rendered":"<p style=\"text-align: center;\"><em><strong>Cu\u00e1ntos feriados y cu\u00e1ntos fines de semana largos hay en 2025<\/strong><\/em><\/p>\n<p>&nbsp;<\/p>\n<p>&nbsp;<\/p>\n<p>Los feriados son d\u00edas muy esperados, ya sea para descansar o para disfrutar, significan jornadas especiales en las que uno desconecta de la rutina. El Gobierno confirma el calendario de feriados 2025 con el objetivo de recordar las fechas patrias, incentivar el turismo y la actividad econ\u00f3mica.<\/p>\n<p>El lunes 18 de noviembre es el \u00faltimo feriado trasladable del 2024 y, por lo tanto, este fin de semana es el \u00faltimo largo del a\u00f1o. Con solo dos asuetos m\u00e1s por delante, ya se conocen las fechas del calendario 2025.<\/p>\n<p>&nbsp;<\/p>\n<p><strong>Por qu\u00e9 es feriado el 18 de noviembre<\/strong><\/p>\n<p>El feriado en realidad es el 20 de noviembre, el D\u00eda de la Soberan\u00eda Nacional. Se trata de una jornada que conmemora la Vuelta de Obligado, cuando tropas inglesas y francesas intentaron invadir territorio argentino en 1845, a trav\u00e9s del ingreso de barcos en el R\u00edo de la Plata. Algo que finalmente no sucedi\u00f3 gracias a la defensa de los argentinos, bajo el mando del gobierno de Juan Manuel de Rosas.<\/p>\n<p>Como es un feriado trasladable, el Gobierno decidi\u00f3 trasladar el d\u00eda al lunes 18 para tener un fin de semana largo de descanso. Sin embargo, no ser\u00e1 el \u00faltimo feriado del 2024. Todav\u00eda quedan por delante el mi\u00e9rcoles 25 de diciembre, momento en el que se celebra la Navidad, y el domingo 8 de diciembre, D\u00eda de la Virgen.<\/p>\n<p>&nbsp;<\/p>\n<p><strong>Calendario 2025<\/strong><\/p>\n<ul>\n<li><strong>Marzo:<\/strong> lunes 3 y martes 4 por Carnaval. Lunes 24 por el D\u00eda Nacional de la Memoria, la Verdad y la Justicia.<\/li>\n<li><strong>Junio:<\/strong> viernes 20 por el D\u00eda de la Bandera, jornada que conmemora el paso a la inmortalidad del general Manuel Belgrano.<\/li>\n<li><strong>Agosto:<\/strong> domingo 17, Paso a la inmortalidad del general Jos\u00e9 de San Mart\u00edn. Sin embargo, se trata de un feriado trasladable, por lo que es probable que lo pasen al lunes 18.<\/li>\n<li><strong>Septiembre:<\/strong> \u00fanico mes sin feriados.<\/li>\n<li><strong>Octubre:<\/strong> domingo 12 por el D\u00eda del Respeto a la Diversidad Cultural. Tambi\u00e9n es trasladable, as\u00ed que hay chances de que sea el lunes 13.<\/li>\n<li><strong>Noviembre:<\/strong> jueves 20 por el D\u00eda de la Soberan\u00eda Nacional, pero puede pasar al viernes 21.<\/li>\n<li><strong>Diciembre:<\/strong> lunes 8 de diciembre, D\u00eda de la Virgen. Jueves 25, Navidad.<\/li>\n<\/ul>\n","protected":false},"excerpt":{"rendered":"<p>Cu\u00e1ntos feriados y cu\u00e1ntos fines de semana largos hay en 2025 &nbsp; &nbsp; Los feriados son d\u00edas muy esperados, ya sea para descansar o para disfrutar, significan jornadas especiales en las que uno desconecta de la rutina. El Gobierno confirma el calendario de feriados 2025 con el objetivo de recordar las fechas patrias, incentivar el turismo y la actividad econ\u00f3mica. El lunes 18 de noviembre es el \u00faltimo feriado trasladable del 2024 y, por lo tanto, este fin de semana es el \u00faltimo largo del a\u00f1o. Con solo dos asuetos&#8230;<\/p>\n","protected":false},"author":3,"featured_media":122212,"comment_status":"closed","ping_status":"closed","sticky":false,"template":"","format":"standard","meta":[],"categories":[2],"tags":[],"_links":{"self":[{"href":"https:\/\/www.actualidadadiario.com\/index.php\/wp-json\/wp\/v2\/posts\/122804"}],"collection":[{"href":"https:\/\/www.actualidadadiario.com\/index.php\/wp-json\/wp\/v2\/posts"}],"about":[{"href":"https:\/\/www.actualidadadiario.com\/index.php\/wp-json\/wp\/v2\/types\/post"}],"author":[{"embeddable":true,"href":"https:\/\/www.actualidadadiario.com\/index.php\/wp-json\/wp\/v2\/users\/3"}],"replies":[{"embeddable":true,"href":"https:\/\/www.actualidadadiario.com\/index.php\/wp-json\/wp\/v2\/comments?post=122804"}],"version-history":[{"count":1,"href":"https:\/\/www.actualidadadiario.com\/index.php\/wp-json\/wp\/v2\/posts\/122804\/revisions"}],"predecessor-version":[{"id":122805,"href":"https:\/\/www.actualidadadiario.com\/index.php\/wp-json\/wp\/v2\/posts\/122804\/revisions\/122805"}],"wp:featuredmedia":[{"embeddable":true,"href":"https:\/\/www.actualidadadiario.com\/index.php\/wp-json\/wp\/v2\/media\/122212"}],"wp:attachment":[{"href":"https:\/\/www.actualidadadiario.com\/index.php\/wp-json\/wp\/v2\/media?parent=122804"}],"wp:term":[{"taxonomy":"category","embeddable":true,"href":"https:\/\/www.actualidadadiario.com\/index.php\/wp-json\/wp\/v2\/categories?post=122804"},{"taxonomy":"post_tag","embeddable":true,"href":"https:\/\/www.actualidadadiario.com\/index.php\/wp-json\/wp\/v2\/tags?post=122804"}],"curies":[{"name":"wp","href":"https:\/\/api.w.org\/{rel}","templated":true}]}}