{"id":122799,"date":"2024-11-15T15:42:04","date_gmt":"2024-11-15T18:42:04","guid":{"rendered":"https:\/\/www.actualidadadiario.com\/?p=122799"},"modified":"2024-11-15T15:42:04","modified_gmt":"2024-11-15T18:42:04","slug":"las-ventas-de-indumentaria-cayeron-115-interanual-en-el-quinto-bimestre-del-ano","status":"publish","type":"post","link":"https:\/\/www.actualidadadiario.com\/index.php\/2024\/11\/15\/las-ventas-de-indumentaria-cayeron-115-interanual-en-el-quinto-bimestre-del-ano\/","title":{"rendered":"Las ventas de indumentaria cayeron 11,5% interanual en el quinto bimestre del a\u00f1o"},"content":{"rendered":"<p style=\"text-align: center;\"><em><strong>Esta disminuci\u00f3n muestra una leve desaceleraci\u00f3n respecto al bimestre anterior<\/strong><\/em><\/p>\n<p>&nbsp;<\/p>\n<p>&nbsp;<\/p>\n<p>Las ventas de indumentaria registraron una ca\u00edda interanual de 11,5% en el bimestre septiembre-octubre, de acuerdo con un informe de la C\u00e1mara Industrial Argentina de la Indumentaria (CIAI).<\/p>\n<p>Esta disminuci\u00f3n muestra una leve desaceleraci\u00f3n respecto al bimestre anterior, cuando la baja fue del 12,1%; mientras que la mayor retracci\u00f3n en el a\u00f1o se registr\u00f3 en el bimestre marzo-abril (-23,4%).<\/p>\n<p>La c\u00e1mara se\u00f1al\u00f3 que a\u00fan un porcentaje relevante de empresas (65%) reporta ca\u00eddas en sus ventas.<\/p>\n<p>Adem\u00e1s, destac\u00f3 que las unidades vendidas para el D\u00eda de la Madre disminuyeron un 7% en comparaci\u00f3n con la misma fecha de 2023.<\/p>\n<p>El D\u00eda de la Madre no logr\u00f3 crecimiento de ventas, a pesar de que el 39% de las empresas aplic\u00f3 mayores descuentos y promociones en relaci\u00f3n con la celebraci\u00f3n del a\u00f1o pasado.<\/p>\n<p>En este contexto, el 24% de las empresas report\u00f3 un excesivo nivel de stock en relaci\u00f3n con su volumen de ventas; y el 29% de los encuestados inform\u00f3 una reducci\u00f3n en su dotaci\u00f3n de personal, ya sea por jubilaciones, renuncias no reemplazadas o despidos.<\/p>\n<p>Para las empresas, la ca\u00edda de la demanda es el principal problema para el 58% de las empresas, seguido por el incremento de los costos con un peso del 35%.<\/p>\n<p>Prendas de vestir y calzado fue la segunda categor\u00eda con mayor suba de precios despu\u00e9s de vivienda y tarifas, con un incremento de 4,4% en octubre, seg\u00fan los \u00faltimos datos del INDEC.<\/p>\n","protected":false},"excerpt":{"rendered":"<p>Esta disminuci\u00f3n muestra una leve desaceleraci\u00f3n respecto al bimestre anterior &nbsp; &nbsp; Las ventas de indumentaria registraron una ca\u00edda interanual de 11,5% en el bimestre septiembre-octubre, de acuerdo con un informe de la C\u00e1mara Industrial Argentina de la Indumentaria (CIAI). Esta disminuci\u00f3n muestra una leve desaceleraci\u00f3n respecto al bimestre anterior, cuando la baja fue del 12,1%; mientras que la mayor retracci\u00f3n en el a\u00f1o se registr\u00f3 en el bimestre marzo-abril (-23,4%). La c\u00e1mara se\u00f1al\u00f3 que a\u00fan un porcentaje relevante de empresas (65%) reporta ca\u00eddas en sus ventas. Adem\u00e1s, destac\u00f3 que&#8230;<\/p>\n","protected":false},"author":3,"featured_media":119881,"comment_status":"closed","ping_status":"closed","sticky":false,"template":"","format":"standard","meta":[],"categories":[2],"tags":[],"_links":{"self":[{"href":"https:\/\/www.actualidadadiario.com\/index.php\/wp-json\/wp\/v2\/posts\/122799"}],"collection":[{"href":"https:\/\/www.actualidadadiario.com\/index.php\/wp-json\/wp\/v2\/posts"}],"about":[{"href":"https:\/\/www.actualidadadiario.com\/index.php\/wp-json\/wp\/v2\/types\/post"}],"author":[{"embeddable":true,"href":"https:\/\/www.actualidadadiario.com\/index.php\/wp-json\/wp\/v2\/users\/3"}],"replies":[{"embeddable":true,"href":"https:\/\/www.actualidadadiario.com\/index.php\/wp-json\/wp\/v2\/comments?post=122799"}],"version-history":[{"count":1,"href":"https:\/\/www.actualidadadiario.com\/index.php\/wp-json\/wp\/v2\/posts\/122799\/revisions"}],"predecessor-version":[{"id":122800,"href":"https:\/\/www.actualidadadiario.com\/index.php\/wp-json\/wp\/v2\/posts\/122799\/revisions\/122800"}],"wp:featuredmedia":[{"embeddable":true,"href":"https:\/\/www.actualidadadiario.com\/index.php\/wp-json\/wp\/v2\/media\/119881"}],"wp:attachment":[{"href":"https:\/\/www.actualidadadiario.com\/index.php\/wp-json\/wp\/v2\/media?parent=122799"}],"wp:term":[{"taxonomy":"category","embeddable":true,"href":"https:\/\/www.actualidadadiario.com\/index.php\/wp-json\/wp\/v2\/categories?post=122799"},{"taxonomy":"post_tag","embeddable":true,"href":"https:\/\/www.actualidadadiario.com\/index.php\/wp-json\/wp\/v2\/tags?post=122799"}],"curies":[{"name":"wp","href":"https:\/\/api.w.org\/{rel}","templated":true}]}}