{"id":122783,"date":"2024-11-15T15:35:25","date_gmt":"2024-11-15T18:35:25","guid":{"rendered":"https:\/\/www.actualidadadiario.com\/?p=122783"},"modified":"2024-11-15T15:35:25","modified_gmt":"2024-11-15T18:35:25","slug":"los-sectores-que-mas-crecen-son-los-que-menos-empleo-generan","status":"publish","type":"post","link":"https:\/\/www.actualidadadiario.com\/index.php\/2024\/11\/15\/los-sectores-que-mas-crecen-son-los-que-menos-empleo-generan\/","title":{"rendered":"Los sectores que m\u00e1s crecen son los que menos empleo generan"},"content":{"rendered":"<p style=\"text-align: center;\"><em><strong>Los sectores que comienzan a mostrar se\u00f1ales de mejora pero no se refleja en la b\u00fasqueda de personal. Mir\u00e1 cu\u00e1les son<\/strong><\/em><\/p>\n<p>&nbsp;<\/p>\n<p>&nbsp;<\/p>\n<p>La parcial recuperaci\u00f3n de la actividad econ\u00f3mica muestra una desigualdad en la que la poblaci\u00f3n urbana y los trabajadores llevan la peor parte, ya que los sectores econ\u00f3micos que crecen est\u00e1n concentrados en zonas con poca densidad de poblaci\u00f3n y son lo que menos puestos de trabajo generan.<\/p>\n<p>A esa conclusi\u00f3n lleg\u00f3 el investigador de la Fundaci\u00f3n Mediterr\u00e1nea, Marcos Cohen Arazi, quien se\u00f1al\u00f3 que \u201cde los 14 principales sectores de actividad, apenas 5 est\u00e1n por encima del nivel de actividad de 2023\u201d, pero que, adem\u00e1s, \u201crepresentan apenas 15% del empleo privado\u201d.<\/p>\n<p>Los n\u00fameros globales dejan en evidencia la ca\u00edda interanual, ya que los 5 sectores en terreno positivo tuvieron una recuperaci\u00f3n promedio ponderada del 3,7%, contra la ca\u00edda del 5,1% de los 9 rubros que se encuentran por debajo del nivel de actividad de 2023.<\/p>\n<p>&nbsp;<\/p>\n<p><strong>El detalle por sector<\/strong><\/p>\n<p>El informe de la Fundaci\u00f3n Mediterr\u00e1nea se\u00f1ala a los sectores de Pesca, Miner\u00eda, Agro, Electricidad, gas y agua y Ense\u00f1anza como los cinco que tuvieron a agosto de este a\u00f1o una variaci\u00f3n interanual positiva.<\/p>\n<p>Si bien los \u00faltimos dos tienen presencia en las zonas urbanas m\u00e1s pobladas, debe advertirse que el crecimiento no fue homog\u00e9neo entre los cinco rubros, ya que mientras Pesca creci\u00f3 un 17%, la Miner\u00eda un 6% y el Agro un 4%, en lo que respecto a Electricidad, gas y agua y Ense\u00f1anza las mejoras fueron de apenas 2% y 1%, respectivamente.<\/p>\n<p>Por el contrario, los sectores que evidenciaron una baja en la comparaci\u00f3n con agosto de 2023 se caracterizan por ser m\u00e1s demandantes de mano de obra que los cinco que crecieron.<\/p>\n<p>En ese sentido, las principales ca\u00eddas se dieron en la Construcci\u00f3n (-18%), el Comercio (-8%) y la Industria manufacturera (-7%).<\/p>\n<p>Con ca\u00eddas menores se anotaron Hoteles y restaurantes y Actividades de servicios comunitarios, sociales y personales (ambos con -4%), Transporte, almacenamiento y comunicaciones (-3%) y con un descenso interanual del 1% Intermediaci\u00f3n financiera, Actividades inmobiliarias, empresarias y de alquiler y Servicios sociales y salud.<\/p>\n<p>&nbsp;<\/p>\n<p><strong>Desempe\u00f1o dual<\/strong><\/p>\n<p>\u201cLo que resalta de esta situaci\u00f3n es que los sectores que se encuentran en terreno positivo representan apenas 15% del empleo privado (seg\u00fan datos del a\u00f1o 2023), mientras que los sectores que a\u00fan est\u00e1n en zona negativa explican el 85% restante de los puestos de trabajo del sector privado\u201d, resalt\u00f3 Cohen Arazi.<\/p>\n<p>Para el economista, esa dualidad en el desempe\u00f1o de los sectores productivos pone de relieve \u201clas dificultades que tambi\u00e9n comienzan a aflorar en el mercado laboral, y que podr\u00edan profundizarse\u201d.<\/p>\n<p>En ese contexto, se impone el criterio que indica que \u201cla recuperaci\u00f3n econ\u00f3mica seguir\u00e1 siendo lenta, debido a que est\u00e1 centrada en sectores con menores impactos en la masa salarial y posterga el crecimiento de actividades econ\u00f3micas vinculadas al consumo masivo\u201d.<\/p>\n<p>De todos modos, en el an\u00e1lisis de la entidad cordobesa se se\u00f1al\u00f3 que \u201cen las mediciones desestacionalizadas, la actividad econ\u00f3mica acumula dos meses en terreno positivo y seg\u00fan estimaciones privadas tambi\u00e9n tendr\u00eda desempe\u00f1o positivo en septiembre\u201d y de esta manera \u201cluego de hacer \u2018piso\u2019 en abril, tendr\u00eda un tercer trimestre de clara recuperaci\u00f3n respecto del segundo\u201d.<\/p>\n","protected":false},"excerpt":{"rendered":"<p>Los sectores que comienzan a mostrar se\u00f1ales de mejora pero no se refleja en la b\u00fasqueda de personal. Mir\u00e1 cu\u00e1les son &nbsp; &nbsp; La parcial recuperaci\u00f3n de la actividad econ\u00f3mica muestra una desigualdad en la que la poblaci\u00f3n urbana y los trabajadores llevan la peor parte, ya que los sectores econ\u00f3micos que crecen est\u00e1n concentrados en zonas con poca densidad de poblaci\u00f3n y son lo que menos puestos de trabajo generan. A esa conclusi\u00f3n lleg\u00f3 el investigador de la Fundaci\u00f3n Mediterr\u00e1nea, Marcos Cohen Arazi, quien se\u00f1al\u00f3 que \u201cde los 14&#8230;<\/p>\n","protected":false},"author":3,"featured_media":122786,"comment_status":"closed","ping_status":"closed","sticky":false,"template":"","format":"standard","meta":[],"categories":[9],"tags":[],"_links":{"self":[{"href":"https:\/\/www.actualidadadiario.com\/index.php\/wp-json\/wp\/v2\/posts\/122783"}],"collection":[{"href":"https:\/\/www.actualidadadiario.com\/index.php\/wp-json\/wp\/v2\/posts"}],"about":[{"href":"https:\/\/www.actualidadadiario.com\/index.php\/wp-json\/wp\/v2\/types\/post"}],"author":[{"embeddable":true,"href":"https:\/\/www.actualidadadiario.com\/index.php\/wp-json\/wp\/v2\/users\/3"}],"replies":[{"embeddable":true,"href":"https:\/\/www.actualidadadiario.com\/index.php\/wp-json\/wp\/v2\/comments?post=122783"}],"version-history":[{"count":1,"href":"https:\/\/www.actualidadadiario.com\/index.php\/wp-json\/wp\/v2\/posts\/122783\/revisions"}],"predecessor-version":[{"id":122787,"href":"https:\/\/www.actualidadadiario.com\/index.php\/wp-json\/wp\/v2\/posts\/122783\/revisions\/122787"}],"wp:featuredmedia":[{"embeddable":true,"href":"https:\/\/www.actualidadadiario.com\/index.php\/wp-json\/wp\/v2\/media\/122786"}],"wp:attachment":[{"href":"https:\/\/www.actualidadadiario.com\/index.php\/wp-json\/wp\/v2\/media?parent=122783"}],"wp:term":[{"taxonomy":"category","embeddable":true,"href":"https:\/\/www.actualidadadiario.com\/index.php\/wp-json\/wp\/v2\/categories?post=122783"},{"taxonomy":"post_tag","embeddable":true,"href":"https:\/\/www.actualidadadiario.com\/index.php\/wp-json\/wp\/v2\/tags?post=122783"}],"curies":[{"name":"wp","href":"https:\/\/api.w.org\/{rel}","templated":true}]}}