{"id":12278,"date":"2017-05-30T10:30:03","date_gmt":"2017-05-30T13:30:03","guid":{"rendered":"http:\/\/actualidadadiario.com\/site\/?p=12278"},"modified":"2017-05-30T10:30:03","modified_gmt":"2017-05-30T13:30:03","slug":"siguen-los-despidos-cerro-una-planta-de-pepsi-en-trelew-y-50-familias-quedan-en-la-calle","status":"publish","type":"post","link":"https:\/\/www.actualidadadiario.com\/index.php\/2017\/05\/30\/siguen-los-despidos-cerro-una-planta-de-pepsi-en-trelew-y-50-familias-quedan-en-la-calle\/","title":{"rendered":"Siguen los despidos: cerr\u00f3 una planta de Pepsi en Trelew y 50 familias quedan en la calle"},"content":{"rendered":"<p><em><strong>Luego de estar funcionando por m\u00e1s de 45 a\u00f1os en la ciudad chubutense, la empresa Quilmes decidi\u00f3 ponerle fin a la embotelladora debido, seg\u00fan informaron, a la \u201cca\u00edda sostenida en el volumen de ventas de gaseosas\u201d<\/strong><\/em><\/p>\n<p>&nbsp;<\/p>\n<p>&nbsp;<\/p>\n<p>&nbsp;<\/p>\n<p>&nbsp;<\/p>\n<p>En sinton\u00eda con la ola de despidos y cierres en todo el pa\u00eds, la empresa Quilmes determin\u00f3 bajar la persiana para siempre de la plata embotelladora de la l\u00ednea Pepsi que funcionaba desde hac\u00eda m\u00e1s de 45 a\u00f1os en la localidad chubutense de Trelew.<\/p>\n<p>&nbsp;<\/p>\n<p>La decisi\u00f3n de la compa\u00f1\u00eda afecta a m\u00e1s de 50 familias que se quedar\u00e1n en la calle. \u201cNotificaron que cerrar\u00e1n la planta y directamente operar\u00e1n desde la unidad Pompeya porque no pueden enfrentar los costos\u201d, explic\u00f3 Carlos Mar\u00edn, secretario adjunto de la regional Patagonia del Sindicato Unido de Trabajadores de la Industria de Aguas, Gaseosas y Afines (SUTIAGA).<\/p>\n<p>&nbsp;<\/p>\n<p>\u201cEs un golpe muy bravo para nosotros porque muchos tenemos m\u00e1s de 50 a\u00f1os y, si bien recibimos la indemnizaci\u00f3n, la pregunta es d\u00f3nde nos vamos a insertar laboralmente\u201d, manifest\u00f3 Mar\u00edn, quien revel\u00f3 que desde la compa\u00f1\u00eda explicaron que, por la competencia de las aguas saborizadas, cayeron las ventas de las gaseosas y por eso cierran unidades operativas.<\/p>\n<p>&nbsp;<\/p>\n<p>En este sentido, desde la empresa indicaron que a ra\u00edz de la &#8220;ca\u00edda sostenida en el volumen de ventas de gaseosas&#8221;, se vieron en la obligaci\u00f3n de cerrar su operaci\u00f3n industrial en Trelew, de acuerdo con Minutouno.com. &#8220;La medida no afectar\u00e1 la actividad comercial de la compa\u00f1\u00eda en la regi\u00f3n, que se mantendr\u00e1 a trav\u00e9s de los distribuidores y puntos de venta de la zona&#8221;, aclar\u00f3.<\/p>\n<p>&nbsp;<\/p>\n<p>La planta hac\u00eda el embotellamiento de la l\u00ednea Pepsi y todas las variantes, que representaba el 1 por ciento del volumen elaborado por la compa\u00f1\u00eda en todo el pa\u00eds.<\/p>\n","protected":false},"excerpt":{"rendered":"<p>Luego de estar funcionando por m\u00e1s de 45 a\u00f1os en la ciudad chubutense, la empresa Quilmes decidi\u00f3 ponerle fin a la embotelladora debido, seg\u00fan informaron, a la \u201cca\u00edda sostenida en el volumen de ventas de gaseosas\u201d &nbsp; &nbsp; &nbsp; &nbsp; En sinton\u00eda con la ola de despidos y cierres en todo el pa\u00eds, la empresa Quilmes determin\u00f3 bajar la persiana para siempre de la plata embotelladora de la l\u00ednea Pepsi que funcionaba desde hac\u00eda m\u00e1s de 45 a\u00f1os en la localidad chubutense de Trelew. &nbsp; La decisi\u00f3n de la compa\u00f1\u00eda&#8230;<\/p>\n","protected":false},"author":3,"featured_media":12279,"comment_status":"closed","ping_status":"closed","sticky":false,"template":"","format":"standard","meta":[],"categories":[4],"tags":[],"_links":{"self":[{"href":"https:\/\/www.actualidadadiario.com\/index.php\/wp-json\/wp\/v2\/posts\/12278"}],"collection":[{"href":"https:\/\/www.actualidadadiario.com\/index.php\/wp-json\/wp\/v2\/posts"}],"about":[{"href":"https:\/\/www.actualidadadiario.com\/index.php\/wp-json\/wp\/v2\/types\/post"}],"author":[{"embeddable":true,"href":"https:\/\/www.actualidadadiario.com\/index.php\/wp-json\/wp\/v2\/users\/3"}],"replies":[{"embeddable":true,"href":"https:\/\/www.actualidadadiario.com\/index.php\/wp-json\/wp\/v2\/comments?post=12278"}],"version-history":[{"count":1,"href":"https:\/\/www.actualidadadiario.com\/index.php\/wp-json\/wp\/v2\/posts\/12278\/revisions"}],"predecessor-version":[{"id":12280,"href":"https:\/\/www.actualidadadiario.com\/index.php\/wp-json\/wp\/v2\/posts\/12278\/revisions\/12280"}],"wp:featuredmedia":[{"embeddable":true,"href":"https:\/\/www.actualidadadiario.com\/index.php\/wp-json\/wp\/v2\/media\/12279"}],"wp:attachment":[{"href":"https:\/\/www.actualidadadiario.com\/index.php\/wp-json\/wp\/v2\/media?parent=12278"}],"wp:term":[{"taxonomy":"category","embeddable":true,"href":"https:\/\/www.actualidadadiario.com\/index.php\/wp-json\/wp\/v2\/categories?post=12278"},{"taxonomy":"post_tag","embeddable":true,"href":"https:\/\/www.actualidadadiario.com\/index.php\/wp-json\/wp\/v2\/tags?post=12278"}],"curies":[{"name":"wp","href":"https:\/\/api.w.org\/{rel}","templated":true}]}}