{"id":122776,"date":"2024-11-15T12:38:51","date_gmt":"2024-11-15T15:38:51","guid":{"rendered":"https:\/\/www.actualidadadiario.com\/?p=122776"},"modified":"2024-11-15T12:38:51","modified_gmt":"2024-11-15T15:38:51","slug":"gobierno-y-docentes-firmaron-un-acuerdo-paritario-que-garantiza-la-finalizacion-del-ciclo-lectivo-con-normalidad","status":"publish","type":"post","link":"https:\/\/www.actualidadadiario.com\/index.php\/2024\/11\/15\/gobierno-y-docentes-firmaron-un-acuerdo-paritario-que-garantiza-la-finalizacion-del-ciclo-lectivo-con-normalidad\/","title":{"rendered":"Gobierno y docentes firmaron un acuerdo paritario que garantiza la finalizaci\u00f3n del ciclo lectivo con normalidad"},"content":{"rendered":"<p style=\"text-align: center;\"><em><strong>Este viernes, en la Secretaria de Trabajo, el gobierno y los cuatro gremios docentes firmaron un acuerdo paritario que incluye cambios en las bases de c\u00e1lculo, cobertura contra la inflaci\u00f3n, con una actualizaci\u00f3n mes a mes; y el pago del desfasaje del segundo semestre de este a\u00f1o en febrero de 2025<\/strong><\/em><\/p>\n<p>&nbsp;<\/p>\n<p>&nbsp;<\/p>\n<p>&#8220;Para nosotros es una gran noticia: hemos alcanzado un acuerdo con los gremios docentes que refleja el enorme esfuerzo de todos los entrerrianos por seguir fortaleciendo nuestra educaci\u00f3n p\u00fablica. La educaci\u00f3n es una prioridad para esta gesti\u00f3n y este acuerdo es una clara muestra de ello&#8221;, destac\u00f3 el ministro de Gobierno y Trabajo, Manuel Troncoso.<\/p>\n<p>Y agreg\u00f3: &#8220;Para garantizar el futuro necesitamos educaci\u00f3n de calidad, y eso no es posible sin reconocer el trabajo fundamental que realizan los docentes. Por eso estamos priorizando la educaci\u00f3n, entendiendo que es fundamental recomponer el salario docente, como lo hemos hecho con este acuerdo que entendemos que es muy bueno en este contexto de crisis econ\u00f3mica financiera in\u00e9dita que vive la provincia&#8221;.<\/p>\n<p>Asimismo, afirm\u00f3 que &#8220;este acuerdo es un reflejo del compromiso mutuo, de la voluntad de di\u00e1logo y de entendimiento; y, sobre todo, de la responsabilidad que tenemos con nuestros chicos. Este acuerdo garantiza que de ac\u00e1 a fin de este a\u00f1o las negociaciones y el di\u00e1logo con los gremios docentes sea con los chicos en las aulas&#8221;.<\/p>\n<p>&nbsp;<\/p>\n<p><strong>El acuerdo consta de los siguientes puntos:<\/strong><\/p>\n<ul>\n<li>Se abonan las \u00faltimas dos cuotas previstas del 6,55% remunerativo, para recomponer las p\u00e9rdidas del desfasaje del primer semestre con la liquidaci\u00f3n de haberes de noviembre, lo que sumado a la cobertura contra la inflaci\u00f3n por \u00cdndice de Precios al Consumidor (IPC), redundar\u00e1 en un aumento superior.<\/li>\n<li>Se cambia la base de c\u00e1lculo al mes de octubre de 2024 para la liquidaci\u00f3n de los haberes de noviembre y diciembre de este a\u00f1o.<\/li>\n<li>Se garantiza la cobertura contra la inflaci\u00f3n, con una actualizaci\u00f3n mes a mes, seg\u00fan el \u00cdndice de Precios al Consumidor del mes anterior, para el primer semestre de 2025.<\/li>\n<li>Se modifica la base de c\u00e1lculo al mes de enero de 2025, con el pago de los haberes del mes de febrero de 2025.<\/li>\n<\/ul>\n<p>A partir de febrero de 2025, se pagar\u00e1 la diferencia del desfasaje producido entre las pautas salariales y la inflaci\u00f3n del segundo semestre de 2024 e \u00cdndice de Precios al Consumidor mensual en base a enero de 2025 para el pago mensual.<\/p>\n<ul>\n<li>Se liberan los topes del c\u00f3digo 029, de compensaci\u00f3n por traslado, a partir de 2025.<\/li>\n<\/ul>\n<p>Por el gobierno, estuvieron presentes, adem\u00e1s, la presidente del Consejo General de Educaci\u00f3n (CGE), Alicia Fregonese; el secretario de Finanzas, Uriel Brupbacher; el secretario general del CGE, Conrado Lamboglia; y el prosecretario, Bruno Frizzo. En tanto, representando a los docentes, el secretario general de la Asociaci\u00f3n Gremial del Magisterio de Entre R\u00edos (Agmer), Marcelo Pagani; el secretario adjunto de la Asociaci\u00f3n del Magisterio de Ense\u00f1anza T\u00e9cnica (AMET), Carlos Varela; la secretaria general del Sindicato Argentino de Docentes Privados (Sadop), Alejandra Frank; y la secretaria general de Uni\u00f3n de Docentes Argentinos (UDA), Mirta Raya.<\/p>\n","protected":false},"excerpt":{"rendered":"<p>Este viernes, en la Secretaria de Trabajo, el gobierno y los cuatro gremios docentes firmaron un acuerdo paritario que incluye cambios en las bases de c\u00e1lculo, cobertura contra la inflaci\u00f3n, con una actualizaci\u00f3n mes a mes; y el pago del desfasaje del segundo semestre de este a\u00f1o en febrero de 2025 &nbsp; &nbsp; &#8220;Para nosotros es una gran noticia: hemos alcanzado un acuerdo con los gremios docentes que refleja el enorme esfuerzo de todos los entrerrianos por seguir fortaleciendo nuestra educaci\u00f3n p\u00fablica. La educaci\u00f3n es una prioridad para esta gesti\u00f3n&#8230;<\/p>\n","protected":false},"author":3,"featured_media":122777,"comment_status":"closed","ping_status":"closed","sticky":false,"template":"","format":"standard","meta":[],"categories":[15],"tags":[],"_links":{"self":[{"href":"https:\/\/www.actualidadadiario.com\/index.php\/wp-json\/wp\/v2\/posts\/122776"}],"collection":[{"href":"https:\/\/www.actualidadadiario.com\/index.php\/wp-json\/wp\/v2\/posts"}],"about":[{"href":"https:\/\/www.actualidadadiario.com\/index.php\/wp-json\/wp\/v2\/types\/post"}],"author":[{"embeddable":true,"href":"https:\/\/www.actualidadadiario.com\/index.php\/wp-json\/wp\/v2\/users\/3"}],"replies":[{"embeddable":true,"href":"https:\/\/www.actualidadadiario.com\/index.php\/wp-json\/wp\/v2\/comments?post=122776"}],"version-history":[{"count":1,"href":"https:\/\/www.actualidadadiario.com\/index.php\/wp-json\/wp\/v2\/posts\/122776\/revisions"}],"predecessor-version":[{"id":122778,"href":"https:\/\/www.actualidadadiario.com\/index.php\/wp-json\/wp\/v2\/posts\/122776\/revisions\/122778"}],"wp:featuredmedia":[{"embeddable":true,"href":"https:\/\/www.actualidadadiario.com\/index.php\/wp-json\/wp\/v2\/media\/122777"}],"wp:attachment":[{"href":"https:\/\/www.actualidadadiario.com\/index.php\/wp-json\/wp\/v2\/media?parent=122776"}],"wp:term":[{"taxonomy":"category","embeddable":true,"href":"https:\/\/www.actualidadadiario.com\/index.php\/wp-json\/wp\/v2\/categories?post=122776"},{"taxonomy":"post_tag","embeddable":true,"href":"https:\/\/www.actualidadadiario.com\/index.php\/wp-json\/wp\/v2\/tags?post=122776"}],"curies":[{"name":"wp","href":"https:\/\/api.w.org\/{rel}","templated":true}]}}