{"id":122769,"date":"2024-11-15T12:36:10","date_gmt":"2024-11-15T15:36:10","guid":{"rendered":"https:\/\/www.actualidadadiario.com\/?p=122769"},"modified":"2024-11-15T12:36:10","modified_gmt":"2024-11-15T15:36:10","slug":"sigue-el-problema-para-remiseros-y-taxistas-que-quieren-cruzar-a-uruguay","status":"publish","type":"post","link":"https:\/\/www.actualidadadiario.com\/index.php\/2024\/11\/15\/sigue-el-problema-para-remiseros-y-taxistas-que-quieren-cruzar-a-uruguay\/","title":{"rendered":"Sigue el problema para remiseros y taxistas que quieren cruzar a Uruguay"},"content":{"rendered":"<p style=\"text-align: center;\"><em><strong>La problem\u00e1tica, que a\u00fan persiste, involucra a taxis, remises y conductores de servicios como Uber, quienes enfrentan restricciones para cargar pasajeros en el lado uruguayo<\/strong><\/em><\/p>\n<p>&nbsp;<\/p>\n<p>&nbsp;<\/p>\n<p>A mediados de octubre, se dio a conocer un conflicto que afecta a los trabajadores del volante de Concordia.<\/p>\n<p>En su momento, la noticia se dio a conocer mediante las redes sociales de un grupo de difusi\u00f3n llamado \u201cRemises Unidos Concordia\u201d donde se precis\u00f3 que \u201cpor motivos que se tratan de establecer y corroborar, la Aduana de la ROU no permite el paso de los remises identificados\u201d, detallaron desde la agrupaci\u00f3n, a\u00f1adiendo que \u201cno se entienden los motivos ni el tiempo de la decisi\u00f3n\u201d.<\/p>\n<p>Hugo Coronel, referente del sector en Concordia, se\u00f1al\u00f3 a este medio que esto es \u201cun hecho sin precedentes, muy grave donde se est\u00e1 violando pactos internacionales, acierto binacionales y rompiendo con la historia de dos pueblos hermanos\u201d.<\/p>\n<p>En este sentido coment\u00f3 que si bien se le consult\u00f3 a la C\u00f3nsul Uruguaya en Concordia quien les coment\u00f3 que \u201cno existe ordenanza o decreto para que esto suceda\u201d se\u00f1alando que \u201chay una bajada de l\u00ednea desde Montevideo hacia Migraciones\u201d.<\/p>\n<p>\u201cNos llama la atenci\u00f3n que autoridades de Concordia no se den por enterados de esta situaciones, ya que les hicimos llegar los datos y la realidad que estamos viviendo dado que es un hecho muy grave sobre las relaciones de los dos pa\u00edses\u201d, dijo Coronel.<\/p>\n<p>&nbsp;<\/p>\n<p><strong>Respuestas en Migraciones<\/strong><\/p>\n<p>Consultado sobre qu\u00e9 respuestas obtienen cuando arriban al cruce de frontera, Coronel dijo que no est\u00e1 permitido el ingreso de taxis y remises al vecino pa\u00eds. \u201cEsto se da casualmente desde las elecciones primarias que tuvo Uruguay, donde una lista pol\u00edtica contrat\u00f3 remises en Concordia, Col\u00f3n y Gualeguaych\u00fa para llegar a los uruguayos en Argentina para que voten\u201d, dijo.<\/p>\n<p>\u201cCastigaron a personas que no tienen nada que ver con lo pol\u00edtico, nosotros s\u00f3lo trabajamos, no tenemos nada que ver con las relaciones bilaterales\u201d y a\u00f1adi\u00f3 que \u201cno tiene sentido lo que est\u00e1n haciendo con los trabajadores, Canciller\u00eda tendr\u00eda que estar trabajando de forma en\u00e9rgica para que esto se solucione\u201d, cerr\u00f3 Hugo Coronel, referente del sector en Concordia.<\/p>\n","protected":false},"excerpt":{"rendered":"<p>La problem\u00e1tica, que a\u00fan persiste, involucra a taxis, remises y conductores de servicios como Uber, quienes enfrentan restricciones para cargar pasajeros en el lado uruguayo &nbsp; &nbsp; A mediados de octubre, se dio a conocer un conflicto que afecta a los trabajadores del volante de Concordia. En su momento, la noticia se dio a conocer mediante las redes sociales de un grupo de difusi\u00f3n llamado \u201cRemises Unidos Concordia\u201d donde se precis\u00f3 que \u201cpor motivos que se tratan de establecer y corroborar, la Aduana de la ROU no permite el paso&#8230;<\/p>\n","protected":false},"author":3,"featured_media":122770,"comment_status":"closed","ping_status":"closed","sticky":false,"template":"","format":"standard","meta":[],"categories":[15],"tags":[],"_links":{"self":[{"href":"https:\/\/www.actualidadadiario.com\/index.php\/wp-json\/wp\/v2\/posts\/122769"}],"collection":[{"href":"https:\/\/www.actualidadadiario.com\/index.php\/wp-json\/wp\/v2\/posts"}],"about":[{"href":"https:\/\/www.actualidadadiario.com\/index.php\/wp-json\/wp\/v2\/types\/post"}],"author":[{"embeddable":true,"href":"https:\/\/www.actualidadadiario.com\/index.php\/wp-json\/wp\/v2\/users\/3"}],"replies":[{"embeddable":true,"href":"https:\/\/www.actualidadadiario.com\/index.php\/wp-json\/wp\/v2\/comments?post=122769"}],"version-history":[{"count":1,"href":"https:\/\/www.actualidadadiario.com\/index.php\/wp-json\/wp\/v2\/posts\/122769\/revisions"}],"predecessor-version":[{"id":122771,"href":"https:\/\/www.actualidadadiario.com\/index.php\/wp-json\/wp\/v2\/posts\/122769\/revisions\/122771"}],"wp:featuredmedia":[{"embeddable":true,"href":"https:\/\/www.actualidadadiario.com\/index.php\/wp-json\/wp\/v2\/media\/122770"}],"wp:attachment":[{"href":"https:\/\/www.actualidadadiario.com\/index.php\/wp-json\/wp\/v2\/media?parent=122769"}],"wp:term":[{"taxonomy":"category","embeddable":true,"href":"https:\/\/www.actualidadadiario.com\/index.php\/wp-json\/wp\/v2\/categories?post=122769"},{"taxonomy":"post_tag","embeddable":true,"href":"https:\/\/www.actualidadadiario.com\/index.php\/wp-json\/wp\/v2\/tags?post=122769"}],"curies":[{"name":"wp","href":"https:\/\/api.w.org\/{rel}","templated":true}]}}