{"id":122763,"date":"2024-11-14T15:23:51","date_gmt":"2024-11-14T18:23:51","guid":{"rendered":"https:\/\/www.actualidadadiario.com\/?p=122763"},"modified":"2024-11-14T15:23:51","modified_gmt":"2024-11-14T18:23:51","slug":"macron-visita-la-argentina-y-defendera-ante-milei-el-rechazo-frances-al-acuerdo-comercial-ue-mercosur","status":"publish","type":"post","link":"https:\/\/www.actualidadadiario.com\/index.php\/2024\/11\/14\/macron-visita-la-argentina-y-defendera-ante-milei-el-rechazo-frances-al-acuerdo-comercial-ue-mercosur\/","title":{"rendered":"Macron visita la Argentina y defender\u00e1 ante Milei el rechazo franc\u00e9s al acuerdo comercial UE-Mercosur"},"content":{"rendered":"<p style=\"text-align: center;\"><em><strong>En la que es su segunda visita oficial bilateral a un pa\u00eds latinoamericano desde que accedi\u00f3 a la jefatura de Estado en 2017 -la primera fue a Brasil en marzo de este a\u00f1o-, Macron volver\u00e1 a fijar ante Milei las l\u00edneas rojas francesas<\/strong><\/em><\/p>\n<p>&nbsp;<\/p>\n<p>&nbsp;<\/p>\n<p>El presidente de Francia, Emmanuel Macron, defender\u00e1 este fin de semana ante su par argentino, Javier Milei, el rechazo franc\u00e9s al actual acuerdo UE-Mercosur e intentar\u00e1 convencerle para que el pa\u00eds sudamericano regrese al \u201cconsenso internacional\u201d sobre los objetivos clim\u00e1ticos.<\/p>\n<p>\u201cHay que recordar que se trata de un acuerdo entre la UE y el Mercosur, Francia no es la que negocia; es la Comisi\u00f3n Europea. En todo caso, las autoridades francesas han sido muy claras al respecto. Ese acuerdo no es aceptable tal y como est\u00e1\u201d, indicaron fuentes del El\u00edseo en v\u00edsperas de que Macron viaje a Argentina (16 y 17 de noviembre), al G-20 de Brasil (18 y 19) y a Chile (20 y 21).<\/p>\n<p>En la que es su segunda visita oficial bilateral a un pa\u00eds latinoamericano desde que accedi\u00f3 a la jefatura de Estado en 2017 -la primera fue a Brasil en marzo de este a\u00f1o-, Macron volver\u00e1 a fijar ante Milei las l\u00edneas rojas francesas.<\/p>\n<p>La aplicaci\u00f3n de las llamadas &#8216;clausulas espejo&#8217;, seg\u00fan las cuales el Mercosur (Brasil, Argentina, Uruguay y Paraguay) deber\u00eda aplicar las mismas reglas fitosanitarias y ambientales que las de la UE, es una de las exigencias de Par\u00eds para que no se d\u00e9 una situaci\u00f3n de \u201ccompetencia desleal\u201d, indic\u00f3 la Presidencia gala.<\/p>\n<p>Macron tambi\u00e9n tratar\u00e1 de convencer a Milei para que regrese al consenso internacional sobre el cambio clim\u00e1tico y la reducci\u00f3n de gases contaminantes, y acerca de la financiaci\u00f3n de los pa\u00edses desarrollados a los que est\u00e1n en desarrollo para asistirles en sus planes de adaptaci\u00f3n clim\u00e1tica.<\/p>\n<p>El presidente argentino orden\u00f3 esta misma semana que su delegaci\u00f3n se retirase de la cumbre del clima COP29 de Bak\u00fa (Azerbaiy\u00e1n).<\/p>\n<p>\u201cSabiendo de las divergencias, el presidente (Macron) intentar\u00e1 convencer (a Milei) para que regresen al consenso internacional sobre el clima, lo que cobra una importancia mayor tras la elecci\u00f3n estadounidense (de Donald Trump como presidente), que cuestiona, de manera cada vez m\u00e1s vehemente, el consenso sobre el clima\u201d, arguyeron las fuentes del El\u00edseo.<\/p>\n<p>El programa de Macron en Argentina incluir\u00e1 tambi\u00e9n un homenaje a una veintena de desaparecidos con nacionalidad francesa durante la dictadura militar, entre las que figuran las monjas Alice Domond y Leonie Duquet, en un momento en el que los familiares de los afectados temen que la administraci\u00f3n de Milei revise las penas contra algunos de los condenados actualmente en prisi\u00f3n.<\/p>\n<p>\u201cQueremos evitar toda injerencia en la pol\u00edtica argentina. Hemos recibido (la semana pasada en el El\u00edseo) a los familiares de las v\u00edctimas. De momento, no se ha cuestionado el proceso de judicial (que llev\u00f3 a condena de responsables) y tampoco hay una voluntad expresada por las autoridades argentinas\u201d, se\u00f1al\u00f3 la presidencia gala.<\/p>\n<p>Aun as\u00ed, las fuentes dejaron claro que \u201cFrancia no olvida\u201d estos cr\u00edmenes.<\/p>\n","protected":false},"excerpt":{"rendered":"<p>En la que es su segunda visita oficial bilateral a un pa\u00eds latinoamericano desde que accedi\u00f3 a la jefatura de Estado en 2017 -la primera fue a Brasil en marzo de este a\u00f1o-, Macron volver\u00e1 a fijar ante Milei las l\u00edneas rojas francesas &nbsp; &nbsp; El presidente de Francia, Emmanuel Macron, defender\u00e1 este fin de semana ante su par argentino, Javier Milei, el rechazo franc\u00e9s al actual acuerdo UE-Mercosur e intentar\u00e1 convencerle para que el pa\u00eds sudamericano regrese al \u201cconsenso internacional\u201d sobre los objetivos clim\u00e1ticos. \u201cHay que recordar que se&#8230;<\/p>\n","protected":false},"author":3,"featured_media":122513,"comment_status":"closed","ping_status":"closed","sticky":false,"template":"","format":"standard","meta":[],"categories":[18],"tags":[],"_links":{"self":[{"href":"https:\/\/www.actualidadadiario.com\/index.php\/wp-json\/wp\/v2\/posts\/122763"}],"collection":[{"href":"https:\/\/www.actualidadadiario.com\/index.php\/wp-json\/wp\/v2\/posts"}],"about":[{"href":"https:\/\/www.actualidadadiario.com\/index.php\/wp-json\/wp\/v2\/types\/post"}],"author":[{"embeddable":true,"href":"https:\/\/www.actualidadadiario.com\/index.php\/wp-json\/wp\/v2\/users\/3"}],"replies":[{"embeddable":true,"href":"https:\/\/www.actualidadadiario.com\/index.php\/wp-json\/wp\/v2\/comments?post=122763"}],"version-history":[{"count":1,"href":"https:\/\/www.actualidadadiario.com\/index.php\/wp-json\/wp\/v2\/posts\/122763\/revisions"}],"predecessor-version":[{"id":122764,"href":"https:\/\/www.actualidadadiario.com\/index.php\/wp-json\/wp\/v2\/posts\/122763\/revisions\/122764"}],"wp:featuredmedia":[{"embeddable":true,"href":"https:\/\/www.actualidadadiario.com\/index.php\/wp-json\/wp\/v2\/media\/122513"}],"wp:attachment":[{"href":"https:\/\/www.actualidadadiario.com\/index.php\/wp-json\/wp\/v2\/media?parent=122763"}],"wp:term":[{"taxonomy":"category","embeddable":true,"href":"https:\/\/www.actualidadadiario.com\/index.php\/wp-json\/wp\/v2\/categories?post=122763"},{"taxonomy":"post_tag","embeddable":true,"href":"https:\/\/www.actualidadadiario.com\/index.php\/wp-json\/wp\/v2\/tags?post=122763"}],"curies":[{"name":"wp","href":"https:\/\/api.w.org\/{rel}","templated":true}]}}