{"id":122760,"date":"2024-11-14T15:23:14","date_gmt":"2024-11-14T18:23:14","guid":{"rendered":"https:\/\/www.actualidadadiario.com\/?p=122760"},"modified":"2024-11-14T15:23:14","modified_gmt":"2024-11-14T18:23:14","slug":"maqueda-confirmo-que-la-resolucion-de-la-corte-sobre-cristina-demorara-mucho-tiempo","status":"publish","type":"post","link":"https:\/\/www.actualidadadiario.com\/index.php\/2024\/11\/14\/maqueda-confirmo-que-la-resolucion-de-la-corte-sobre-cristina-demorara-mucho-tiempo\/","title":{"rendered":"Maqueda confirm\u00f3 que la resoluci\u00f3n de la Corte sobre Cristina &#8220;demorar\u00e1 mucho tiempo&#8221;"},"content":{"rendered":"<p style=\"text-align: center;\"><em><strong>Esto implica que la ex presidenta no tendr\u00eda trabas para ser candidata en 2025<\/strong><\/em><\/p>\n<p>&nbsp;<\/p>\n<p>&nbsp;<\/p>\n<p>Juan Carlos Maqueda confirm\u00f3 que la Corte Suprema &#8220;demorar\u00e1 mucho tiempo&#8221; en intervenir en la causa Vialidad donde Cristina Kirchner fue condenada a 6 a\u00f1os de prisi\u00f3n e inhabilitaci\u00f3n perpetua para ejercer cargos p\u00fablicos, lo que implica que la ex presidenta podr\u00eda ser candidata en 2025.<\/p>\n<p>El juez de la Corte Suprema confirm\u00f3 que en Tribunales descuentan que la causa reci\u00e9n ser\u00eda tratada por el m\u00e1ximo tribunal en 2026.<\/p>\n<p>&#8220;La Corte va a ser la que tenga la \u00faltima palabra. Yo no puedo emitir opini\u00f3n sobre un fallo que no nos ha llegado, y as\u00ed ese fallo lo hubiera visto tampoco emitir\u00eda opini\u00f3n&#8221;, dijo Maqueda a Canal 12 de C\u00f3rdoba.<\/p>\n<p>&#8220;Lo que s\u00ed vale la pena aclarar, porque es t\u00e9cnico, es que se dice que el fallo ahora va a la Corte. En realidad demora bastante tiempo porque se presenta un recurso extraordinario ante la misma C\u00e1mara, hay que ver si lo acepta la misma C\u00e1mara de Casaci\u00f3n, y si no van con un recurso de queja a la Corte. Y eso lleva su tiempo&#8221;, explic\u00f3 Maqueda.<\/p>\n<p>Fuentes del Poder Judicial sostienen que &#8220;Cristina sabe fehacientemente que la Corte no va a tratar este tema hasta 2026&#8221;. &#8220;Hay una jurisprudencia, podr\u00edamos decir, cuando se trata de ex presidentes o vicepresidentes, como pas\u00f3 con Carlos Menem y Amado Boudou, que nunca pasan menos de dos a\u00f1os hasta que los jueces de la Corte tomen el caso&#8221;, agregaron.<\/p>\n<p>La interpretaci\u00f3n da por tierra con la narrativa del kirchnerismo y la propia expresidenta, que pretenden que la ratificaci\u00f3n de la condena la deja fuera de la competencia electoral.<\/p>\n","protected":false},"excerpt":{"rendered":"<p>Esto implica que la ex presidenta no tendr\u00eda trabas para ser candidata en 2025 &nbsp; &nbsp; Juan Carlos Maqueda confirm\u00f3 que la Corte Suprema &#8220;demorar\u00e1 mucho tiempo&#8221; en intervenir en la causa Vialidad donde Cristina Kirchner fue condenada a 6 a\u00f1os de prisi\u00f3n e inhabilitaci\u00f3n perpetua para ejercer cargos p\u00fablicos, lo que implica que la ex presidenta podr\u00eda ser candidata en 2025. El juez de la Corte Suprema confirm\u00f3 que en Tribunales descuentan que la causa reci\u00e9n ser\u00eda tratada por el m\u00e1ximo tribunal en 2026. &#8220;La Corte va a ser&#8230;<\/p>\n","protected":false},"author":3,"featured_media":122761,"comment_status":"closed","ping_status":"closed","sticky":false,"template":"","format":"standard","meta":[],"categories":[18],"tags":[],"_links":{"self":[{"href":"https:\/\/www.actualidadadiario.com\/index.php\/wp-json\/wp\/v2\/posts\/122760"}],"collection":[{"href":"https:\/\/www.actualidadadiario.com\/index.php\/wp-json\/wp\/v2\/posts"}],"about":[{"href":"https:\/\/www.actualidadadiario.com\/index.php\/wp-json\/wp\/v2\/types\/post"}],"author":[{"embeddable":true,"href":"https:\/\/www.actualidadadiario.com\/index.php\/wp-json\/wp\/v2\/users\/3"}],"replies":[{"embeddable":true,"href":"https:\/\/www.actualidadadiario.com\/index.php\/wp-json\/wp\/v2\/comments?post=122760"}],"version-history":[{"count":1,"href":"https:\/\/www.actualidadadiario.com\/index.php\/wp-json\/wp\/v2\/posts\/122760\/revisions"}],"predecessor-version":[{"id":122762,"href":"https:\/\/www.actualidadadiario.com\/index.php\/wp-json\/wp\/v2\/posts\/122760\/revisions\/122762"}],"wp:featuredmedia":[{"embeddable":true,"href":"https:\/\/www.actualidadadiario.com\/index.php\/wp-json\/wp\/v2\/media\/122761"}],"wp:attachment":[{"href":"https:\/\/www.actualidadadiario.com\/index.php\/wp-json\/wp\/v2\/media?parent=122760"}],"wp:term":[{"taxonomy":"category","embeddable":true,"href":"https:\/\/www.actualidadadiario.com\/index.php\/wp-json\/wp\/v2\/categories?post=122760"},{"taxonomy":"post_tag","embeddable":true,"href":"https:\/\/www.actualidadadiario.com\/index.php\/wp-json\/wp\/v2\/tags?post=122760"}],"curies":[{"name":"wp","href":"https:\/\/api.w.org\/{rel}","templated":true}]}}