{"id":122758,"date":"2024-11-14T15:22:07","date_gmt":"2024-11-14T18:22:07","guid":{"rendered":"https:\/\/www.actualidadadiario.com\/?p=122758"},"modified":"2024-11-14T15:22:07","modified_gmt":"2024-11-14T18:22:07","slug":"el-gobierno-no-descarta-convocar-a-sesiones-extraordinarias-en-el-congreso","status":"publish","type":"post","link":"https:\/\/www.actualidadadiario.com\/index.php\/2024\/11\/14\/el-gobierno-no-descarta-convocar-a-sesiones-extraordinarias-en-el-congreso\/","title":{"rendered":"El Gobierno no descarta convocar a sesiones extraordinarias en el Congreso"},"content":{"rendered":"<p style=\"text-align: center;\"><em><strong>Las sesiones ordinarias del Poder Legislativo finalizan el 30 de noviembre. Con proyectos como el Presupuesto 2025 o la ley de ficha limpia por delante, el oficialismo no descarta la posibilidad de llamar a extraordinarias<\/strong><\/em><\/p>\n<p>&nbsp;<\/p>\n<p>&nbsp;<\/p>\n<p>El Gobierno no descarta convocar a sesiones extraordinarias en el Congreso. Con los debates del Presupuesto 2025 y el proyecto de ficha limpia por delante, el vocero presidencial Manuel Adorni reconoci\u00f3 que esta medida es una variable que est\u00e1 siendo estudiada por el oficialismo: &#8220;No est\u00e1 definido pero es una posibilidad&#8221;, complet\u00f3 en su conferencia de prensa en Casa Rodada.<\/p>\n<p>En detalle, las sesiones ordinarias del Congreso se llevan a cabo desde el 1ero de marzo al 30 de noviembre de cada a\u00f1o. Anteriormente, en diciembre de 2023, el gobierno de Javier Milei convoc\u00f3 a extraordinarias para el tratamiento de su paquete de medidas conocido como la &#8220;Ley Bases&#8221;.<\/p>\n<p>&nbsp;<\/p>\n<p><strong>El Gobierno no descarta llamar a sesiones extraordinarias<\/strong><\/p>\n<p>El primer a\u00f1o de Javier Milei est\u00e1 llegando a su fin. Sin embargo, el oficialismo busca seguir avanzando en proyectos propios y de aliados en el Congreso y, para eso, no descarta llamar a sesiones extraordinarias para que Poder Legislativo debata las propuestas.<\/p>\n<p>Cabe destacar que, seg\u00fan la ley, el Congreso sesiona todos los a\u00f1os del 1ero de marzo &#8211; tras la apertura de las sesiones ordinarias &#8211; al 30 de noviembre. En caso de que el Poder Ejecutivo lo considere necesario, puede solicitar al Poder Legislativo el llamado a sesiones extraordinarias por fuera de las fechas normales de debate parlamentario, especificando que temas deber\u00e1n ser tratados.<\/p>\n<p>En este caso, dos grandes proyectos est\u00e1n a la vista: Presupuesto 2025 y ficha limpia. En el caso de Ley Madre, el oficialismo reiter\u00f3 en numerosas ocasiones que no tiene apuro en discutir el texto y, de ser necesario, volver\u00e1 a prorrogar el presupuesto 2023.<\/p>\n<p>Sobre el proyecto impulsado por el PRO y otros sectores afines al Gobierno, el mismo busca impedir que personas con causas penales con condenas firmes no podr\u00e1n presentarse como candidatos a cargos electivos. Tras la ratificaci\u00f3n de Casaci\u00f3n de la condena a Cristina Fern\u00e1ndez de Kirchner y con el horizonte puesto en las elecciones legislativas de 2025, la propuesta legislativa toma m\u00e1s relevancia que nunca.<\/p>\n<p>Adorni hoy confirm\u00f3 que el llamado a extraordinarias es una &#8220;posibilidad&#8221; aunque asegur\u00f3 que no est\u00e1 definido. Poco m\u00e1s de una semana atr\u00e1s el jefe de Gabinete, Guillermo Francos, tambi\u00e9n opin\u00f3 sobre este debate y afirm\u00f3 que &#8220;no est\u00e1 previsto que se convoque a sesiones extraordinarias&#8221; y subray\u00f3 que desde el oficialismo no tienen &#8220;urgencia para que el Presupuesto sea aprobado&#8221;.<\/p>\n<p>Adem\u00e1s, la administraci\u00f3n libertaria tambi\u00e9n busca avanzar con las propuestas para privatizar Aerol\u00edneas Argentinas y la referida al derecho a la leg\u00edtima defensa y cumplimiento del deber.<\/p>\n<p>La oposici\u00f3n tambi\u00e9n podr\u00eda aprovechar las sesiones extraordinarias para impulsar su propia agenda. A saber, entre los proyectos m\u00e1s relevantes se encuentran la eliminaci\u00f3n de publicidad de apuestas online y la tipificaci\u00f3n de violencia de g\u00e9nero en el \u00e1mbito laboral<\/p>\n<p>A pesar de las tensiones y el tironeo, el Congreso podr\u00eda aprovechar estas sesiones fuera de termino para avanzar en lo que se creen ser proyectos con consenso general de los legisladores. Entre ellos destacan; juicio por jurado; juicio en ausencia y la reforma del C\u00f3digo Penal contra la evasi\u00f3n impositiva.<\/p>\n","protected":false},"excerpt":{"rendered":"<p>Las sesiones ordinarias del Poder Legislativo finalizan el 30 de noviembre. Con proyectos como el Presupuesto 2025 o la ley de ficha limpia por delante, el oficialismo no descarta la posibilidad de llamar a extraordinarias &nbsp; &nbsp; El Gobierno no descarta convocar a sesiones extraordinarias en el Congreso. Con los debates del Presupuesto 2025 y el proyecto de ficha limpia por delante, el vocero presidencial Manuel Adorni reconoci\u00f3 que esta medida es una variable que est\u00e1 siendo estudiada por el oficialismo: &#8220;No est\u00e1 definido pero es una posibilidad&#8221;, complet\u00f3 en&#8230;<\/p>\n","protected":false},"author":3,"featured_media":96717,"comment_status":"closed","ping_status":"closed","sticky":false,"template":"","format":"standard","meta":[],"categories":[18],"tags":[],"_links":{"self":[{"href":"https:\/\/www.actualidadadiario.com\/index.php\/wp-json\/wp\/v2\/posts\/122758"}],"collection":[{"href":"https:\/\/www.actualidadadiario.com\/index.php\/wp-json\/wp\/v2\/posts"}],"about":[{"href":"https:\/\/www.actualidadadiario.com\/index.php\/wp-json\/wp\/v2\/types\/post"}],"author":[{"embeddable":true,"href":"https:\/\/www.actualidadadiario.com\/index.php\/wp-json\/wp\/v2\/users\/3"}],"replies":[{"embeddable":true,"href":"https:\/\/www.actualidadadiario.com\/index.php\/wp-json\/wp\/v2\/comments?post=122758"}],"version-history":[{"count":1,"href":"https:\/\/www.actualidadadiario.com\/index.php\/wp-json\/wp\/v2\/posts\/122758\/revisions"}],"predecessor-version":[{"id":122759,"href":"https:\/\/www.actualidadadiario.com\/index.php\/wp-json\/wp\/v2\/posts\/122758\/revisions\/122759"}],"wp:featuredmedia":[{"embeddable":true,"href":"https:\/\/www.actualidadadiario.com\/index.php\/wp-json\/wp\/v2\/media\/96717"}],"wp:attachment":[{"href":"https:\/\/www.actualidadadiario.com\/index.php\/wp-json\/wp\/v2\/media?parent=122758"}],"wp:term":[{"taxonomy":"category","embeddable":true,"href":"https:\/\/www.actualidadadiario.com\/index.php\/wp-json\/wp\/v2\/categories?post=122758"},{"taxonomy":"post_tag","embeddable":true,"href":"https:\/\/www.actualidadadiario.com\/index.php\/wp-json\/wp\/v2\/tags?post=122758"}],"curies":[{"name":"wp","href":"https:\/\/api.w.org\/{rel}","templated":true}]}}