{"id":122750,"date":"2024-11-14T15:19:08","date_gmt":"2024-11-14T18:19:08","guid":{"rendered":"https:\/\/www.actualidadadiario.com\/?p=122750"},"modified":"2024-11-14T15:19:08","modified_gmt":"2024-11-14T18:19:08","slug":"milei-viajo-a-eeuu-buscara-avanzar-en-un-acuerdo-de-libre-comercio-y-concretar-un-encuentro-con-trump","status":"publish","type":"post","link":"https:\/\/www.actualidadadiario.com\/index.php\/2024\/11\/14\/milei-viajo-a-eeuu-buscara-avanzar-en-un-acuerdo-de-libre-comercio-y-concretar-un-encuentro-con-trump\/","title":{"rendered":"Milei viaj\u00f3 a EEUU: buscar\u00e1 avanzar en un acuerdo de libre comercio y concretar un encuentro con Trump"},"content":{"rendered":"<p style=\"text-align: center;\"><em><strong>El Presidente dar\u00e1 un discurso el viernes en la Conferencia de Acci\u00f3n Pol\u00edtica Conservadora (CPAC) y se espera que se re\u00fana con el presidente recientemente electo. Adem\u00e1s, presentar\u00e1 un proyecto para la unidad de los pa\u00edses que se llamar\u00e1 Liga de Naciones<\/strong><\/em><\/p>\n<p>&nbsp;<\/p>\n<p>&nbsp;<\/p>\n<p>El presidente Javier Milei viaj\u00f3 a Estados Unidos donde dar\u00e1 un discurso el viernes en la Conferencia de Acci\u00f3n Pol\u00edtica Conservadora (CPAC) y se espera que tenga un encuentro con el mandatario recientemente electo Donald Trump. Como ya hab\u00eda anticipado, buscar\u00e1 un acuerdo de libre comercio.<\/p>\n<p>En una entrevista en Radio Rivadavia hab\u00eda anticipado que buscar\u00e1 un acuerdo con el pa\u00eds a partir de la victoria del candidato republicano sin que eso altere las negociaciones por convenios con otras potencias como China. Tiene el objetivo de armar entre varios pa\u00edses la \u201cLiga de Naciones\u201d.<\/p>\n<p>Sobre la relaci\u00f3n entre ambos pa\u00edses indic\u00f3 que fueron trabajando sobre un nuevo acuerdo con el FMI: &#8220;Est\u00e1 claro que el apoyo que va a tener EEUU en el Fondo va a ser mucho m\u00e1s abierto y claro&#8221;, manifest\u00f3. \u201cCreemos que en estas condiciones podemos avanzar en mayores acuerdos comerciales con EEUU, de la misma manera que estamos avanzando muy fuertemente con China&#8221;, indic\u00f3.<\/p>\n<p>En ese marco, tambi\u00e9n estar\u00e1 en la CPAC antes de su encuentro con Donald Trump. Luego viajar\u00e1 nuevamente a Argentina porque el s\u00e1bado recibir\u00e1 a Emmanuel Macr\u00f3n de Francia, mientras que el 18 de noviembre participar\u00e1 en R\u00edo de Janeiro de la cumbre del G20 y el 20 estar\u00e1 en la Quinta de Olivos con la primera ministra de Italia, Georgia Meloni.<\/p>\n<p>&nbsp;<\/p>\n<p><strong>Estados Unidos-Argentina<\/strong><\/p>\n<p>Por otra parte, el libertario confirm\u00f3 que pudo comunicarse con Donald Trump, tras su victoria en las elecciones presidenciales de Estados Unidos, y afirm\u00f3 que fue &#8220;una conversaci\u00f3n muy agradable&#8221;. &#8220;Nosotros tenemos una excelente relaci\u00f3n. \u00c9l hab\u00eda sido muy generoso para conmigo cuando fui electo presidente, tuvimos una conversaci\u00f3n muy linda en ese momento. Tambi\u00e9n tuvimos un peque\u00f1o cruce, que nos encontramos previo a que yo expusiera en la cumbre conservadora de CPAC&#8221;, record\u00f3.<\/p>\n<p>Sobre el \u00faltimo llamado que establecieron indic\u00f3 que &#8220;dur\u00f3 11 minutos&#8221;, en los que &#8220;lo felicit\u00e9 por lo que ha logrado, le manifest\u00e9 que el mundo hoy era mejor porque hab\u00edan sido derrotados los wokes y que me sent\u00eda m\u00e1s acompa\u00f1ado&#8221;. En esa l\u00ednea, asegur\u00f3 que se sinti\u00f3 &#8220;muy honrado&#8221; porque el republicano &#8220;me dijo que yo no iba a estar m\u00e1s solo, que \u00e9l me iba a acompa\u00f1ar, que juntos \u00edbamos a hacer a Am\u00e9rica y a Argentina grandes nuevamente y que yo era su presidente favorito&#8221;.<\/p>\n","protected":false},"excerpt":{"rendered":"<p>El Presidente dar\u00e1 un discurso el viernes en la Conferencia de Acci\u00f3n Pol\u00edtica Conservadora (CPAC) y se espera que se re\u00fana con el presidente recientemente electo. Adem\u00e1s, presentar\u00e1 un proyecto para la unidad de los pa\u00edses que se llamar\u00e1 Liga de Naciones &nbsp; &nbsp; El presidente Javier Milei viaj\u00f3 a Estados Unidos donde dar\u00e1 un discurso el viernes en la Conferencia de Acci\u00f3n Pol\u00edtica Conservadora (CPAC) y se espera que tenga un encuentro con el mandatario recientemente electo Donald Trump. Como ya hab\u00eda anticipado, buscar\u00e1 un acuerdo de libre comercio&#8230;.<\/p>\n","protected":false},"author":3,"featured_media":122751,"comment_status":"closed","ping_status":"closed","sticky":false,"template":"","format":"standard","meta":[],"categories":[18],"tags":[],"_links":{"self":[{"href":"https:\/\/www.actualidadadiario.com\/index.php\/wp-json\/wp\/v2\/posts\/122750"}],"collection":[{"href":"https:\/\/www.actualidadadiario.com\/index.php\/wp-json\/wp\/v2\/posts"}],"about":[{"href":"https:\/\/www.actualidadadiario.com\/index.php\/wp-json\/wp\/v2\/types\/post"}],"author":[{"embeddable":true,"href":"https:\/\/www.actualidadadiario.com\/index.php\/wp-json\/wp\/v2\/users\/3"}],"replies":[{"embeddable":true,"href":"https:\/\/www.actualidadadiario.com\/index.php\/wp-json\/wp\/v2\/comments?post=122750"}],"version-history":[{"count":1,"href":"https:\/\/www.actualidadadiario.com\/index.php\/wp-json\/wp\/v2\/posts\/122750\/revisions"}],"predecessor-version":[{"id":122752,"href":"https:\/\/www.actualidadadiario.com\/index.php\/wp-json\/wp\/v2\/posts\/122750\/revisions\/122752"}],"wp:featuredmedia":[{"embeddable":true,"href":"https:\/\/www.actualidadadiario.com\/index.php\/wp-json\/wp\/v2\/media\/122751"}],"wp:attachment":[{"href":"https:\/\/www.actualidadadiario.com\/index.php\/wp-json\/wp\/v2\/media?parent=122750"}],"wp:term":[{"taxonomy":"category","embeddable":true,"href":"https:\/\/www.actualidadadiario.com\/index.php\/wp-json\/wp\/v2\/categories?post=122750"},{"taxonomy":"post_tag","embeddable":true,"href":"https:\/\/www.actualidadadiario.com\/index.php\/wp-json\/wp\/v2\/tags?post=122750"}],"curies":[{"name":"wp","href":"https:\/\/api.w.org\/{rel}","templated":true}]}}