{"id":122748,"date":"2024-11-14T15:17:58","date_gmt":"2024-11-14T18:17:58","guid":{"rendered":"https:\/\/www.actualidadadiario.com\/?p=122748"},"modified":"2024-11-14T15:19:32","modified_gmt":"2024-11-14T18:19:32","slug":"milei-le-saca-la-jubilacion-de-privilegio-a-cristina-pese-que-decia-que-era-un-derecho-adquirido","status":"publish","type":"post","link":"https:\/\/www.actualidadadiario.com\/index.php\/2024\/11\/14\/milei-le-saca-la-jubilacion-de-privilegio-a-cristina-pese-que-decia-que-era-un-derecho-adquirido\/","title":{"rendered":"Milei le saca la jubilaci\u00f3n de privilegio a Cristina, pese que dec\u00eda que era un derecho adquirido"},"content":{"rendered":"<p style=\"text-align: center;\"><em><strong>El gobierno refuerza la polarizaci\u00f3n con la ex presidenta tras la condena en la causa Vialidad<\/strong><\/em><\/p>\n<p>&nbsp;<\/p>\n<p>&nbsp;<\/p>\n<p>Javier Milei apuesta a polarizar a fondo con Cristina Kirchner y ahora anunci\u00f3 que le quitar\u00e1 la jubilaci\u00f3n de privilegio, aunque hasta hace poco dec\u00eda que era un derecho adquirido y no se pod\u00eda tocar.<\/p>\n<p>El contador Manuel Adorni inform\u00f3 este jueves que se dar\u00e1 de baja la jubilaci\u00f3n de privilegio de la ex presidenta y la pensi\u00f3n por N\u00e9stor Kirchner, por las cuales actualmente percibe $21.827.624,65 mensuales.<\/p>\n<p>De acuerdo a lo informado por el portavoz, la decisi\u00f3n se tom\u00f3 a partir del fallo de la C\u00e1mara de Casaci\u00f3n que confirm\u00f3 una condena de seis a\u00f1os de prisi\u00f3n contra Cristina en la causa Vialidad.<\/p>\n<p>Adorni agreg\u00f3 m\u00e1s tarde por X que la misma decisi\u00f3n se tomar\u00e1 con &#8220;otras personas en similares condiciones&#8221;. De quienes perciben jubilaciones de privilegio el \u00fanico condenado es Amado Boudou, aunque con el mismo par\u00e1metro podr\u00edan quitarle la pensi\u00f3n a Zulema Yoma porque Carlos Menem tuvo una condena firme.<\/p>\n<p>Adorni admiti\u00f3 &#8220;es una posibilidad&#8221; que Cristina recurra a la Justicia. El beneficio de la jubilaci\u00f3n de privilegio est\u00e1 establecido por la ley 24.018, sancionada en 1991, y no establece excepciones por el motivo esgrimido por el gobierno.<\/p>\n<p>De hecho, hasta hace poco el propio Milei afirmaba que no pod\u00edan tocar la jubilaci\u00f3n de privilegio de Cristina porque se trata de un derecho adquirido y que no se pod\u00eda legislar hacia atr\u00e1s. &#8220;La pregunta es, si yo vengo a respetar los derechos de propiedad, \u00bfc\u00f3mo voy a violentar un derecho adquirido?&#8221;, argument\u00f3 Milei en una entrevista en mayo con Jony Viale.<\/p>\n","protected":false},"excerpt":{"rendered":"<p>El gobierno refuerza la polarizaci\u00f3n con la ex presidenta tras la condena en la causa Vialidad &nbsp; &nbsp; Javier Milei apuesta a polarizar a fondo con Cristina Kirchner y ahora anunci\u00f3 que le quitar\u00e1 la jubilaci\u00f3n de privilegio, aunque hasta hace poco dec\u00eda que era un derecho adquirido y no se pod\u00eda tocar. El contador Manuel Adorni inform\u00f3 este jueves que se dar\u00e1 de baja la jubilaci\u00f3n de privilegio de la ex presidenta y la pensi\u00f3n por N\u00e9stor Kirchner, por las cuales actualmente percibe $21.827.624,65 mensuales. De acuerdo a lo&#8230;<\/p>\n","protected":false},"author":3,"featured_media":121887,"comment_status":"closed","ping_status":"closed","sticky":false,"template":"","format":"standard","meta":[],"categories":[9],"tags":[],"_links":{"self":[{"href":"https:\/\/www.actualidadadiario.com\/index.php\/wp-json\/wp\/v2\/posts\/122748"}],"collection":[{"href":"https:\/\/www.actualidadadiario.com\/index.php\/wp-json\/wp\/v2\/posts"}],"about":[{"href":"https:\/\/www.actualidadadiario.com\/index.php\/wp-json\/wp\/v2\/types\/post"}],"author":[{"embeddable":true,"href":"https:\/\/www.actualidadadiario.com\/index.php\/wp-json\/wp\/v2\/users\/3"}],"replies":[{"embeddable":true,"href":"https:\/\/www.actualidadadiario.com\/index.php\/wp-json\/wp\/v2\/comments?post=122748"}],"version-history":[{"count":1,"href":"https:\/\/www.actualidadadiario.com\/index.php\/wp-json\/wp\/v2\/posts\/122748\/revisions"}],"predecessor-version":[{"id":122749,"href":"https:\/\/www.actualidadadiario.com\/index.php\/wp-json\/wp\/v2\/posts\/122748\/revisions\/122749"}],"wp:featuredmedia":[{"embeddable":true,"href":"https:\/\/www.actualidadadiario.com\/index.php\/wp-json\/wp\/v2\/media\/121887"}],"wp:attachment":[{"href":"https:\/\/www.actualidadadiario.com\/index.php\/wp-json\/wp\/v2\/media?parent=122748"}],"wp:term":[{"taxonomy":"category","embeddable":true,"href":"https:\/\/www.actualidadadiario.com\/index.php\/wp-json\/wp\/v2\/categories?post=122748"},{"taxonomy":"post_tag","embeddable":true,"href":"https:\/\/www.actualidadadiario.com\/index.php\/wp-json\/wp\/v2\/tags?post=122748"}],"curies":[{"name":"wp","href":"https:\/\/api.w.org\/{rel}","templated":true}]}}