{"id":122727,"date":"2024-11-14T12:13:11","date_gmt":"2024-11-14T15:13:11","guid":{"rendered":"https:\/\/www.actualidadadiario.com\/?p=122727"},"modified":"2024-11-14T12:13:27","modified_gmt":"2024-11-14T15:13:27","slug":"el-uso-de-maquinas-fabriles-no-detuvo-su-caida-en-todo-el-2024","status":"publish","type":"post","link":"https:\/\/www.actualidadadiario.com\/index.php\/2024\/11\/14\/el-uso-de-maquinas-fabriles-no-detuvo-su-caida-en-todo-el-2024\/","title":{"rendered":"El uso de m\u00e1quinas fabriles no detuvo su ca\u00edda en todo el 2024"},"content":{"rendered":"<p style=\"text-align: center;\"><em><strong>En lo que va del a\u00f1o, acumul\u00f3 una contracci\u00f3n de 9,3 puntos respecto al 2023. Est\u00e1 m\u00e1s cerca de un literal ritmo a media m\u00e1quina, que de un uso, similar al de los \u00faltimos a\u00f1os, de dos tercios del total de las instalaciones industriales<\/strong><\/em><\/p>\n<p>&nbsp;<\/p>\n<p>&nbsp;<\/p>\n<p>El receso en las f\u00e1bricas se sigui\u00f3 observando con claridad durante septiembre: la utilizaci\u00f3n de maquinarias fue del 62,4%, muy lejos del \u00f3ptimo que puede disparar una necesidad inversora para evitar cuellos de botella, y bien por debajo del 67,9% de septiembre del 2023. El total de lo que va del 2024 fue el peor a\u00f1o de toda la serie hist\u00f3rica para el uso de las instalaciones fabriles, sin contar el 2020 pand\u00e9mico. La incipiente recuperaci\u00f3n econ\u00f3mica no permiti\u00f3 a\u00fan una vuelta del bienestar para los sectores urbanos, que se benefician menos del atraso cambiario, y cuyo salario sigue por debajo de noviembre del a\u00f1o pasado, con m\u00e1s carga de las tarifas, lo que impide consumir m\u00e1s, y con menos empleo.<\/p>\n<p>El Indec public\u00f3 el informe de Utilizaci\u00f3n de la Capacidad Instalada en la Industria (UCII) correspondiente a septiembre. Adem\u00e1s de la baja de 5,5 puntos que se observ\u00f3 todav\u00eda respecto a los niveles de uso de las instalaciones del a\u00f1o pasado, en la previa al impacto de la megadevaluci\u00f3n de diciembre, que llev\u00f3 a un hist\u00f3rico salto inflacionario, con una fuerte p\u00e9rdida de poder adquisitivo en los salarios y una baja significativa del consumo masivo, tambi\u00e9n reflej\u00f3 una incluso mayor contracci\u00f3n para el total del a\u00f1o. Vale destacar que el informe del Indec no permite realizar comparaciones mensuales, ya que no est\u00e1n libres de factores de estacionalidad (se deben contrastar en forma anual).<\/p>\n<p>De hecho, en lo que va del 2024, el uso de las maquinarias fabriles fue de apenas un 57,4% promedio. Es decir, m\u00e1s cerca de una utilizaci\u00f3n a, literalmente, media m\u00e1quina, que a una de los dos tercios de las instalaciones que se ven\u00eda observando en los a\u00f1os previos. De hecho, en 2023 y en 2022 la UCII hab\u00eda sido de 66,7% y 66,5%, respectivamente. Y en el 2021 todav\u00eda fuertemente influenciado por la salida de lo peor de la cuarentena, gracias a la aplicaci\u00f3n de las vacunas, hab\u00eda sido de 62,4%.<\/p>\n<p>Incluso las devaluaciones constantes de la previa al gobierno del expresidente Alberto Fern\u00e1ndez, es decir durante la gesti\u00f3n de Cambiemos, hab\u00edan mostrado un mejor escenario para la industria argentina. En 2019 se hab\u00eda derrumbado, pero a un 59,2%, todav\u00eda superior a los niveles actuales. En 2018 hab\u00eda sido de 63,5%, en 2017 del 64,7% y en 2016 del 64%. Solo el 2020 pand\u00e9mico logr\u00f3 llevarla por debajo de la recesi\u00f3n actual: fue de 53,9% en aquel entonces, tras un marzo-abril en el que algunos sectores hab\u00edan llegado a cerrar por completo.<\/p>\n<p>Acerca del rebote que comenz\u00f3 a mostrar la econom\u00eda, desde la consultora Vectorial destacaron que \u201cesta recuperaci\u00f3n desigual se traduce en peores condiciones de vida para importantes franjas sociales, principalmente radicadas en centros urbanos en donde las actividades de industria, comercio y construcci\u00f3n son las m\u00e1s preponderantes, a la vez que han sido las que m\u00e1s ca\u00eddas han sufrido en lo que va del a\u00f1o\u201d.<\/p>\n<p>De hecho, aunque el salario sigue por debajo de los niveles previos al actual Gobierno, tanto para los empleados privados como para los p\u00fablicos, adem\u00e1s la p\u00e9rdida de empleo tambi\u00e9n se centr\u00f3 en esos oficios urbanos. En la industria se perdieron 29.700 puestos entre noviembre y agosto y en la construcci\u00f3n otros 66.000 puestos.<\/p>\n<p>Y es que mientras la demanda de productos importados se vio impulsada por el atraso cambiario, el consumo interno viene sufriendo m\u00e1s porque, adem\u00e1s de que el salario sigue 6,8% por debajo de noviembre, las tarifas subiendo por encima de la inflaci\u00f3n obligan a achicar en los productos de consumo masivo, producidos por la industria local, tal como destac\u00f3 la consultora Epyca.<\/p>\n","protected":false},"excerpt":{"rendered":"<p>En lo que va del a\u00f1o, acumul\u00f3 una contracci\u00f3n de 9,3 puntos respecto al 2023. Est\u00e1 m\u00e1s cerca de un literal ritmo a media m\u00e1quina, que de un uso, similar al de los \u00faltimos a\u00f1os, de dos tercios del total de las instalaciones industriales &nbsp; &nbsp; El receso en las f\u00e1bricas se sigui\u00f3 observando con claridad durante septiembre: la utilizaci\u00f3n de maquinarias fue del 62,4%, muy lejos del \u00f3ptimo que puede disparar una necesidad inversora para evitar cuellos de botella, y bien por debajo del 67,9% de septiembre del 2023&#8230;.<\/p>\n","protected":false},"author":3,"featured_media":91098,"comment_status":"closed","ping_status":"closed","sticky":false,"template":"","format":"standard","meta":[],"categories":[9],"tags":[],"_links":{"self":[{"href":"https:\/\/www.actualidadadiario.com\/index.php\/wp-json\/wp\/v2\/posts\/122727"}],"collection":[{"href":"https:\/\/www.actualidadadiario.com\/index.php\/wp-json\/wp\/v2\/posts"}],"about":[{"href":"https:\/\/www.actualidadadiario.com\/index.php\/wp-json\/wp\/v2\/types\/post"}],"author":[{"embeddable":true,"href":"https:\/\/www.actualidadadiario.com\/index.php\/wp-json\/wp\/v2\/users\/3"}],"replies":[{"embeddable":true,"href":"https:\/\/www.actualidadadiario.com\/index.php\/wp-json\/wp\/v2\/comments?post=122727"}],"version-history":[{"count":2,"href":"https:\/\/www.actualidadadiario.com\/index.php\/wp-json\/wp\/v2\/posts\/122727\/revisions"}],"predecessor-version":[{"id":122729,"href":"https:\/\/www.actualidadadiario.com\/index.php\/wp-json\/wp\/v2\/posts\/122727\/revisions\/122729"}],"wp:featuredmedia":[{"embeddable":true,"href":"https:\/\/www.actualidadadiario.com\/index.php\/wp-json\/wp\/v2\/media\/91098"}],"wp:attachment":[{"href":"https:\/\/www.actualidadadiario.com\/index.php\/wp-json\/wp\/v2\/media?parent=122727"}],"wp:term":[{"taxonomy":"category","embeddable":true,"href":"https:\/\/www.actualidadadiario.com\/index.php\/wp-json\/wp\/v2\/categories?post=122727"},{"taxonomy":"post_tag","embeddable":true,"href":"https:\/\/www.actualidadadiario.com\/index.php\/wp-json\/wp\/v2\/tags?post=122727"}],"curies":[{"name":"wp","href":"https:\/\/api.w.org\/{rel}","templated":true}]}}