{"id":122724,"date":"2024-11-14T10:54:36","date_gmt":"2024-11-14T13:54:36","guid":{"rendered":"https:\/\/www.actualidadadiario.com\/?p=122724"},"modified":"2024-11-14T10:54:36","modified_gmt":"2024-11-14T13:54:36","slug":"la-provincia-tendra-tres-dias-con-mas-de-30c-y-luego-anuncian-lluvias-y-tormentas","status":"publish","type":"post","link":"https:\/\/www.actualidadadiario.com\/index.php\/2024\/11\/14\/la-provincia-tendra-tres-dias-con-mas-de-30c-y-luego-anuncian-lluvias-y-tormentas\/","title":{"rendered":"La provincia tendr\u00e1 tres d\u00edas con m\u00e1s de 30\u00b0C y luego anuncian lluvias y tormentas"},"content":{"rendered":"<p style=\"text-align: center;\"><em><strong>Ser\u00e1n tres d\u00edas con calor en ascenso en Entre R\u00edos y la regi\u00f3n. El s\u00e1bado ser\u00e1 el d\u00eda m\u00e1s sofocante, con 36 grados de m\u00e1xima. El domingo llega un sistema frontal<\/strong><\/em><\/p>\n<p>&nbsp;<\/p>\n<p>&nbsp;<\/p>\n<p>Desde este jueves y hasta el s\u00e1bado, se esperan temperaturas m\u00e1ximas por encima de los 30 grados en Entre R\u00edos. El calor ir\u00e1 en ascenso y la jornada m\u00e1s sofocante se espera para el s\u00e1bado, anuncia el Servicio Meteorol\u00f3gico Nacional -SMN-.<\/p>\n<p>Ser\u00e1n d\u00edas muy calorosos en la provincia y la regi\u00f3n. Las tres jornadas se presentar\u00e1n con cielo mayormente soleado y muy pocas nubes. Para el s\u00e1bado el anuncio es de 36 grados en algunas zonas, con sensaci\u00f3n t\u00e9rmica superior.<\/p>\n<p>Las inestabilidades llegar\u00e1n luego. Un sistema frontal est\u00e1 anunciado para el domingo 17 de noviembre. Ello provocar\u00e1 posibles lluvias y tormentas, lo que traer\u00e1 un alivio de m\u00e1s de 10 grados en las temperaturas.<\/p>\n<p>&nbsp;<\/p>\n<p><strong>Pron\u00f3stico para hoy<\/strong><\/p>\n<p>En Paran\u00e1, La Paz, Diamante, Nogoy\u00e1 y Villaguay anuncian para hoy una m\u00ednima de 17 grados y una m\u00e1xima de 31. El cielo estar\u00e1 entre algo y parcialmente nublado.<\/p>\n<p>En Concordia, Federal, Feliciano, Federaci\u00f3n y San Salvador prev\u00e9n para hoy una m\u00ednima de 16 grados y una m\u00e1xima de 30 grados. Tambi\u00e9n estar\u00e1 soleado con poca nubosidad.<\/p>\n<p>En Gualeguaych\u00fa, Uruguay, Tala, Col\u00f3n e Islas del Ibicuy indican para hoy 15 grados de m\u00ednima y 30 grados de m\u00e1xima. Estar\u00e1 algo nublado de ma\u00f1ana y noche y parcialmente nublado de tarde.<\/p>\n<p>Finalmente en Victoria y Gualeguay pronostican para este jueves 15 grados de m\u00ednima y 31 grados de m\u00e1xima. Tambi\u00e9n estar\u00e1 soleado con muy pocas nubes.<\/p>\n","protected":false},"excerpt":{"rendered":"<p>Ser\u00e1n tres d\u00edas con calor en ascenso en Entre R\u00edos y la regi\u00f3n. El s\u00e1bado ser\u00e1 el d\u00eda m\u00e1s sofocante, con 36 grados de m\u00e1xima. El domingo llega un sistema frontal &nbsp; &nbsp; Desde este jueves y hasta el s\u00e1bado, se esperan temperaturas m\u00e1ximas por encima de los 30 grados en Entre R\u00edos. El calor ir\u00e1 en ascenso y la jornada m\u00e1s sofocante se espera para el s\u00e1bado, anuncia el Servicio Meteorol\u00f3gico Nacional -SMN-. Ser\u00e1n d\u00edas muy calorosos en la provincia y la regi\u00f3n. Las tres jornadas se presentar\u00e1n con&#8230;<\/p>\n","protected":false},"author":3,"featured_media":122725,"comment_status":"closed","ping_status":"closed","sticky":false,"template":"","format":"standard","meta":[],"categories":[15],"tags":[],"_links":{"self":[{"href":"https:\/\/www.actualidadadiario.com\/index.php\/wp-json\/wp\/v2\/posts\/122724"}],"collection":[{"href":"https:\/\/www.actualidadadiario.com\/index.php\/wp-json\/wp\/v2\/posts"}],"about":[{"href":"https:\/\/www.actualidadadiario.com\/index.php\/wp-json\/wp\/v2\/types\/post"}],"author":[{"embeddable":true,"href":"https:\/\/www.actualidadadiario.com\/index.php\/wp-json\/wp\/v2\/users\/3"}],"replies":[{"embeddable":true,"href":"https:\/\/www.actualidadadiario.com\/index.php\/wp-json\/wp\/v2\/comments?post=122724"}],"version-history":[{"count":1,"href":"https:\/\/www.actualidadadiario.com\/index.php\/wp-json\/wp\/v2\/posts\/122724\/revisions"}],"predecessor-version":[{"id":122726,"href":"https:\/\/www.actualidadadiario.com\/index.php\/wp-json\/wp\/v2\/posts\/122724\/revisions\/122726"}],"wp:featuredmedia":[{"embeddable":true,"href":"https:\/\/www.actualidadadiario.com\/index.php\/wp-json\/wp\/v2\/media\/122725"}],"wp:attachment":[{"href":"https:\/\/www.actualidadadiario.com\/index.php\/wp-json\/wp\/v2\/media?parent=122724"}],"wp:term":[{"taxonomy":"category","embeddable":true,"href":"https:\/\/www.actualidadadiario.com\/index.php\/wp-json\/wp\/v2\/categories?post=122724"},{"taxonomy":"post_tag","embeddable":true,"href":"https:\/\/www.actualidadadiario.com\/index.php\/wp-json\/wp\/v2\/tags?post=122724"}],"curies":[{"name":"wp","href":"https:\/\/api.w.org\/{rel}","templated":true}]}}