{"id":122721,"date":"2024-11-14T10:53:24","date_gmt":"2024-11-14T13:53:24","guid":{"rendered":"https:\/\/www.actualidadadiario.com\/?p=122721"},"modified":"2024-11-14T10:53:24","modified_gmt":"2024-11-14T13:53:24","slug":"fuerte-crecimiento-de-la-diabetes-y-el-sobrepeso-en-entre-rios","status":"publish","type":"post","link":"https:\/\/www.actualidadadiario.com\/index.php\/2024\/11\/14\/fuerte-crecimiento-de-la-diabetes-y-el-sobrepeso-en-entre-rios\/","title":{"rendered":"Fuerte crecimiento de la diabetes y el sobrepeso en Entre R\u00edos"},"content":{"rendered":"<p style=\"text-align: center;\"><em><strong>En Entre R\u00edos la prevalencia de la diabetes es del 10,8% del total de la poblaci\u00f3n mayor de 18 a\u00f1os y contin\u00faa creciendo: subi\u00f3 3 puntos respecto de la medici\u00f3n anterior realizada en 2013. Adem\u00e1s, se registr\u00f3 un aumento en los porcentajes de otros factores de riesgo asociados a la diabetes como obesidad (del 18,6 al 25%), el exceso de peso (sobrepeso + obesidad; de 55,7 a 60,4%) y presi\u00f3n arterial elevada (del 35,8 al 39%)<\/strong><\/em><\/p>\n<p>&nbsp;<\/p>\n<p>&nbsp;<\/p>\n<p>Bajo el lema &#8220;Diabetes y Bienestar. Diabetes y Calidad de Vida&#8221; este 14 de noviembre se conmemora el D\u00eda Mundial de la Diabetes, fecha que representa una oportunidad para crear conciencia sobre el impacto que genera esta patolog\u00eda en la salud de las personas.<\/p>\n<p>Se trata de una enfermedad cr\u00f3nica que se presenta cuando el p\u00e1ncreas no secreta suficiente insulina o cuando el organismo no utiliza eficazmente la insulina que produce. Es considerada una epidemia mundial, relacionada con el incremento del sobrepeso y la obesidad, el sedentarismo y la hipertensi\u00f3n. Adem\u00e1s, es una de las principales causas de insuficiencia renal, amputaci\u00f3n de miembros inferiores, ceguera y enfermedad cardiovascular para quienes la padecen<\/p>\n<p>En este marco, el Ministerio de Salud de Entre R\u00edos promueve estrategias destinadas a la detecci\u00f3n oportuna y a la educaci\u00f3n diabetol\u00f3gica para el autocuidado. Actualmente la provincia asiste, con insumos y medicaci\u00f3n, el tratamiento de unos 22.800 pacientes que est\u00e1n registrados en el Programa de Prevenci\u00f3n de Diabetes y Factores de Riesgo Cardiovascular.<\/p>\n<p>&nbsp;<\/p>\n<p>En relaci\u00f3n al abordaje del sistema p\u00fablico, la referente t\u00e9cnica operativa del Programa, Pamela Vesco, explic\u00f3: &#8220;La provincia, a trav\u00e9s de distintas instancias administrativas, adquiere los insumos vitales para los pacientes que padecen esta enfermedad y no cuentan con cobertura de la seguridad social&#8221; y en tal sentido agreg\u00f3: &#8220;Recientemente se han efectuado compras por m\u00e1s de 200 millones de pesos que incluyen insulina humana NPH y Corriente, y An\u00e1logos (de acci\u00f3n lenta y r\u00e1pida) que son indispensables para el tratamiento de pacientes con diabetes, as\u00ed como tiras reactivas para el control de la glucemia&#8221;.<\/p>\n<p>M\u00e1s all\u00e1 de lo asistencial, vinculado al tratamiento de la diabetes, Vesco mencion\u00f3 que resulta vital la educaci\u00f3n diabetol\u00f3gica. Por ello, uno de los pilares sobre los que se trabaja es la sensibilizaci\u00f3n a los pacientes para que adhieran al tratamiento y se involucren con las pautas de nutrici\u00f3n, actividad f\u00edsica y control del az\u00facar en sangre. Adem\u00e1s, otra de las acciones importantes, es que la provincia cuenta con equipos interdisciplinarios integrados por m\u00e9dicos, enfermeros, agentes sanitarios y nutricionistas, entre otros, que realizan talleres junto a la comunidad sobre el autocuidado y los h\u00e1bitos saludables, entre otras tem\u00e1ticas.<\/p>\n<p>&nbsp;<\/p>\n<p><strong>Crece la diabetes, la obesidad y el sobrepeso<\/strong><\/p>\n<p>En Entre R\u00edos la prevalencia de la diabetes es del 10,8 por ciento del total de la poblaci\u00f3n mayor de 18 a\u00f1os y contin\u00faa creciendo ya que, seg\u00fan la Cuarta Encuesta Nacional de Factores de Riesgo, realizada en 2018 por la Direcci\u00f3n Nacional de Promoci\u00f3n de la Salud y Control de Enfermedades Cr\u00f3nicas No Transmisibles, hubo un incremento de casi 3 puntos respecto de la medici\u00f3n anterior realizada en 2013, cuando era del 7,8 por ciento.<\/p>\n<p>Adem\u00e1s, en la provincia se registr\u00f3 un aumento en los porcentajes de otros factores de riesgo asociados a la enfermedad como obesidad (del 18,6 al 25 por ciento), el exceso de peso (sobrepeso + obesidad; de 55,7 a 60,4 por ciento), y presi\u00f3n arterial elevada (del 35,8 al 39 por ciento).<\/p>\n<p>&nbsp;<\/p>\n<p><strong>Acciones de concientizaci\u00f3n<\/strong><\/p>\n<p>Durante todo noviembre, la cartera sanitaria entrerriana impulsa distintas actividades alusivas de sensibilizaci\u00f3n. En este marco, se invit\u00f3 a los distintos municipios y organismos oficiales para que iluminen de azul sus edificios p\u00fablicos, ya que es el color que simboliza el cielo que une a todas las naciones y el de la bandera de Naciones Unidas. Asimismo, a trav\u00e9s de las direcciones generales de Primer Nivel de Atenci\u00f3n y Hospitales, se convoc\u00f3 y envi\u00f3 material para que los hospitales y centros de salud realicen actividades de promoci\u00f3n, prevenci\u00f3n y educaci\u00f3n.<\/p>\n","protected":false},"excerpt":{"rendered":"<p>En Entre R\u00edos la prevalencia de la diabetes es del 10,8% del total de la poblaci\u00f3n mayor de 18 a\u00f1os y contin\u00faa creciendo: subi\u00f3 3 puntos respecto de la medici\u00f3n anterior realizada en 2013. Adem\u00e1s, se registr\u00f3 un aumento en los porcentajes de otros factores de riesgo asociados a la diabetes como obesidad (del 18,6 al 25%), el exceso de peso (sobrepeso + obesidad; de 55,7 a 60,4%) y presi\u00f3n arterial elevada (del 35,8 al 39%) &nbsp; &nbsp; Bajo el lema &#8220;Diabetes y Bienestar. Diabetes y Calidad de Vida&#8221; este&#8230;<\/p>\n","protected":false},"author":3,"featured_media":122722,"comment_status":"closed","ping_status":"closed","sticky":false,"template":"","format":"standard","meta":[],"categories":[15],"tags":[],"_links":{"self":[{"href":"https:\/\/www.actualidadadiario.com\/index.php\/wp-json\/wp\/v2\/posts\/122721"}],"collection":[{"href":"https:\/\/www.actualidadadiario.com\/index.php\/wp-json\/wp\/v2\/posts"}],"about":[{"href":"https:\/\/www.actualidadadiario.com\/index.php\/wp-json\/wp\/v2\/types\/post"}],"author":[{"embeddable":true,"href":"https:\/\/www.actualidadadiario.com\/index.php\/wp-json\/wp\/v2\/users\/3"}],"replies":[{"embeddable":true,"href":"https:\/\/www.actualidadadiario.com\/index.php\/wp-json\/wp\/v2\/comments?post=122721"}],"version-history":[{"count":1,"href":"https:\/\/www.actualidadadiario.com\/index.php\/wp-json\/wp\/v2\/posts\/122721\/revisions"}],"predecessor-version":[{"id":122723,"href":"https:\/\/www.actualidadadiario.com\/index.php\/wp-json\/wp\/v2\/posts\/122721\/revisions\/122723"}],"wp:featuredmedia":[{"embeddable":true,"href":"https:\/\/www.actualidadadiario.com\/index.php\/wp-json\/wp\/v2\/media\/122722"}],"wp:attachment":[{"href":"https:\/\/www.actualidadadiario.com\/index.php\/wp-json\/wp\/v2\/media?parent=122721"}],"wp:term":[{"taxonomy":"category","embeddable":true,"href":"https:\/\/www.actualidadadiario.com\/index.php\/wp-json\/wp\/v2\/categories?post=122721"},{"taxonomy":"post_tag","embeddable":true,"href":"https:\/\/www.actualidadadiario.com\/index.php\/wp-json\/wp\/v2\/tags?post=122721"}],"curies":[{"name":"wp","href":"https:\/\/api.w.org\/{rel}","templated":true}]}}