{"id":12272,"date":"2017-05-30T10:28:20","date_gmt":"2017-05-30T13:28:20","guid":{"rendered":"http:\/\/actualidadadiario.com\/site\/?p=12272"},"modified":"2017-05-30T10:28:20","modified_gmt":"2017-05-30T13:28:20","slug":"el-gobierno-y-las-farc-amplian-el-plazo-del-desarme","status":"publish","type":"post","link":"https:\/\/www.actualidadadiario.com\/index.php\/2017\/05\/30\/el-gobierno-y-las-farc-amplian-el-plazo-del-desarme\/","title":{"rendered":"El Gobierno y las FARC ampl\u00edan el plazo del desarme"},"content":{"rendered":"<p><em><strong>Tienen 20 d\u00edas m\u00e1s para entregar las armas. El Gobierno colombiano y las FARC han acordado prolongar el plazo para el desarme del grupo guerrillero y, adem\u00e1s, extender durante un par de meses el tiempo del que disponen sus miembros para su reincorporaci\u00f3n a la vida civil. Una decisi\u00f3n que, como declara Juan Manuel Santos, presidente del pa\u00eds, no tiene mayores consecuencias<\/strong><\/em><\/p>\n<p>&nbsp;<\/p>\n<p>&nbsp;<\/p>\n<p>&nbsp;<\/p>\n<p>&nbsp;<\/p>\n<p>&nbsp;<\/p>\n<p>\u201cEste cambio en la fecha no afecta, de modo alguno, la firme decisi\u00f3n y el claro compromiso del gobierno y de las FARC para cumplir con el acuerdo. El mecanismo de monitoreo y verificaci\u00f3n internacional seguir\u00e1 ejerciendo su papel hasta certificar que la \u00faltima arma de las FARC ha sido entregada y retirada del territorio nacional\u201d, declara Santos.<\/p>\n<p>&nbsp;<\/p>\n<p>En un principio, ambas partes establecieron que este martes 30 de mayo se ten\u00eda que completar la entrega de armas. Cuando el desarme se lleve a cabo se pondr\u00e1 fin a 53 a\u00f1os de enfrentamientos en Colombia.<\/p>\n","protected":false},"excerpt":{"rendered":"<p>Tienen 20 d\u00edas m\u00e1s para entregar las armas. El Gobierno colombiano y las FARC han acordado prolongar el plazo para el desarme del grupo guerrillero y, adem\u00e1s, extender durante un par de meses el tiempo del que disponen sus miembros para su reincorporaci\u00f3n a la vida civil. Una decisi\u00f3n que, como declara Juan Manuel Santos, presidente del pa\u00eds, no tiene mayores consecuencias &nbsp; &nbsp; &nbsp; &nbsp; &nbsp; \u201cEste cambio en la fecha no afecta, de modo alguno, la firme decisi\u00f3n y el claro compromiso del gobierno y de las FARC&#8230;<\/p>\n","protected":false},"author":3,"featured_media":12273,"comment_status":"closed","ping_status":"closed","sticky":false,"template":"","format":"standard","meta":[],"categories":[4],"tags":[],"_links":{"self":[{"href":"https:\/\/www.actualidadadiario.com\/index.php\/wp-json\/wp\/v2\/posts\/12272"}],"collection":[{"href":"https:\/\/www.actualidadadiario.com\/index.php\/wp-json\/wp\/v2\/posts"}],"about":[{"href":"https:\/\/www.actualidadadiario.com\/index.php\/wp-json\/wp\/v2\/types\/post"}],"author":[{"embeddable":true,"href":"https:\/\/www.actualidadadiario.com\/index.php\/wp-json\/wp\/v2\/users\/3"}],"replies":[{"embeddable":true,"href":"https:\/\/www.actualidadadiario.com\/index.php\/wp-json\/wp\/v2\/comments?post=12272"}],"version-history":[{"count":1,"href":"https:\/\/www.actualidadadiario.com\/index.php\/wp-json\/wp\/v2\/posts\/12272\/revisions"}],"predecessor-version":[{"id":12274,"href":"https:\/\/www.actualidadadiario.com\/index.php\/wp-json\/wp\/v2\/posts\/12272\/revisions\/12274"}],"wp:featuredmedia":[{"embeddable":true,"href":"https:\/\/www.actualidadadiario.com\/index.php\/wp-json\/wp\/v2\/media\/12273"}],"wp:attachment":[{"href":"https:\/\/www.actualidadadiario.com\/index.php\/wp-json\/wp\/v2\/media?parent=12272"}],"wp:term":[{"taxonomy":"category","embeddable":true,"href":"https:\/\/www.actualidadadiario.com\/index.php\/wp-json\/wp\/v2\/categories?post=12272"},{"taxonomy":"post_tag","embeddable":true,"href":"https:\/\/www.actualidadadiario.com\/index.php\/wp-json\/wp\/v2\/tags?post=12272"}],"curies":[{"name":"wp","href":"https:\/\/api.w.org\/{rel}","templated":true}]}}