{"id":122714,"date":"2024-11-14T10:50:46","date_gmt":"2024-11-14T13:50:46","guid":{"rendered":"https:\/\/www.actualidadadiario.com\/?p=122714"},"modified":"2024-11-14T10:50:46","modified_gmt":"2024-11-14T13:50:46","slug":"finalizo-el-trabajo-en-comisiones-sobre-la-reforma-electoral","status":"publish","type":"post","link":"https:\/\/www.actualidadadiario.com\/index.php\/2024\/11\/14\/finalizo-el-trabajo-en-comisiones-sobre-la-reforma-electoral\/","title":{"rendered":"Finaliz\u00f3 el trabajo en comisiones sobre la reforma electoral"},"content":{"rendered":"<p style=\"text-align: center;\"><em><strong>Los legisladores presentes en la reuni\u00f3n de este mi\u00e9rcoles concluyeron con el tratamiento de la totalidad de los art\u00edculos del proyecto. Se inform\u00f3 que el dictamen ser\u00e1 puesto a disposici\u00f3n para la firma. Se espera que el dictamen tome estado parlamentario durante la sesi\u00f3n ordinaria prevista para la semana que viene. La reuni\u00f3n se realiz\u00f3 con la presencia de representantes de los bloques Juntos por Entre R\u00edos, La Libertad Avanza, Fe y Libertad y Partido Conservador Popular<\/strong><\/em><\/p>\n<p>&nbsp;<\/p>\n<p>&nbsp;<\/p>\n<p>Las comisiones de Legislaci\u00f3n General y de Asuntos Constitucionales, Juicio Pol\u00edtico y Peticiones, Poderes y Reglamento, que presiden Marcelo L\u00f3pez y Gabriela Lena respectivamente, completaron este mi\u00e9rcoles el tratamiento del proyecto de ley de C\u00f3digo Electoral de Entre R\u00edos presentado por el Poder Ejecutivo. Al finalizar la reuni\u00f3n, realizada en el Sal\u00f3n de los Pasos Perdidos, ambos presidentes informaron que pondr\u00edan a disposici\u00f3n de los legisladores el dictamen para su firma.<\/p>\n<p>\u201cFue la octava reuni\u00f3n conjunta de comisiones para tratar este proyecto de ley, con la metodolog\u00eda durante los \u00faltimos encuentros de analizar art\u00edculo por art\u00edculo. Hoy terminamos esa tarea y fue la \u00faltima reuni\u00f3n. Vamos a hacer circular el dictamen para que firmen los legisladores que tengan intenciones de hacerlo\u201d, indic\u00f3 Lena. Por lo tanto, se espera que este dictamen tome estado parlamentario durante la sesi\u00f3n ordinaria prevista para la semana que viene.<\/p>\n<p>\u201cDe esta manera, podremos modificar el sistema electoral en Entre R\u00edos, hacerlo m\u00e1s \u00e1gil, m\u00e1s transparente, m\u00e1s moderno y m\u00e1s econ\u00f3mico. Un sistema acorde a los tiempos que corren y a la legislaci\u00f3n que tiene el resto de las provincias de la Regi\u00f3n Centro\u201d, agreg\u00f3 la titular de Asuntos Constitucionales.<\/p>\n<p>\u201cSe incorporaron un mont\u00f3n de modificaciones, a partir de sugerencias. Tratamos de escuchar a todos, desde los bloques m\u00e1s importantes hasta los partidos vecinales o peque\u00f1os, as\u00ed como los aportes de las autoridades de la Justicia Federal y del Tribunal Electoral de la Provincia, que fueron muy valiosos y fueron tomados en cuenta\u201d, explic\u00f3 la legisladora.<\/p>\n<p>La reuni\u00f3n se realiz\u00f3 con la presencia de representantes de los bloques Juntos por Entre R\u00edos, La Libertad Avanza, Fe y Libertad y Partido Conservador Popular. Asimismo, como en las anteriores ocasiones, participaron el secretario de Asuntos Pol\u00edticos, Juli\u00e1n Maneiro, y la directora de Reforma Pol\u00edtica, Fanny Maidana.<\/p>\n","protected":false},"excerpt":{"rendered":"<p>Los legisladores presentes en la reuni\u00f3n de este mi\u00e9rcoles concluyeron con el tratamiento de la totalidad de los art\u00edculos del proyecto. Se inform\u00f3 que el dictamen ser\u00e1 puesto a disposici\u00f3n para la firma. Se espera que el dictamen tome estado parlamentario durante la sesi\u00f3n ordinaria prevista para la semana que viene. La reuni\u00f3n se realiz\u00f3 con la presencia de representantes de los bloques Juntos por Entre R\u00edos, La Libertad Avanza, Fe y Libertad y Partido Conservador Popular &nbsp; &nbsp; Las comisiones de Legislaci\u00f3n General y de Asuntos Constitucionales, Juicio Pol\u00edtico&#8230;<\/p>\n","protected":false},"author":3,"featured_media":122715,"comment_status":"closed","ping_status":"closed","sticky":false,"template":"","format":"standard","meta":[],"categories":[15],"tags":[],"_links":{"self":[{"href":"https:\/\/www.actualidadadiario.com\/index.php\/wp-json\/wp\/v2\/posts\/122714"}],"collection":[{"href":"https:\/\/www.actualidadadiario.com\/index.php\/wp-json\/wp\/v2\/posts"}],"about":[{"href":"https:\/\/www.actualidadadiario.com\/index.php\/wp-json\/wp\/v2\/types\/post"}],"author":[{"embeddable":true,"href":"https:\/\/www.actualidadadiario.com\/index.php\/wp-json\/wp\/v2\/users\/3"}],"replies":[{"embeddable":true,"href":"https:\/\/www.actualidadadiario.com\/index.php\/wp-json\/wp\/v2\/comments?post=122714"}],"version-history":[{"count":1,"href":"https:\/\/www.actualidadadiario.com\/index.php\/wp-json\/wp\/v2\/posts\/122714\/revisions"}],"predecessor-version":[{"id":122716,"href":"https:\/\/www.actualidadadiario.com\/index.php\/wp-json\/wp\/v2\/posts\/122714\/revisions\/122716"}],"wp:featuredmedia":[{"embeddable":true,"href":"https:\/\/www.actualidadadiario.com\/index.php\/wp-json\/wp\/v2\/media\/122715"}],"wp:attachment":[{"href":"https:\/\/www.actualidadadiario.com\/index.php\/wp-json\/wp\/v2\/media?parent=122714"}],"wp:term":[{"taxonomy":"category","embeddable":true,"href":"https:\/\/www.actualidadadiario.com\/index.php\/wp-json\/wp\/v2\/categories?post=122714"},{"taxonomy":"post_tag","embeddable":true,"href":"https:\/\/www.actualidadadiario.com\/index.php\/wp-json\/wp\/v2\/tags?post=122714"}],"curies":[{"name":"wp","href":"https:\/\/api.w.org\/{rel}","templated":true}]}}