{"id":122711,"date":"2024-11-14T10:49:23","date_gmt":"2024-11-14T13:49:23","guid":{"rendered":"https:\/\/www.actualidadadiario.com\/?p=122711"},"modified":"2024-11-14T10:49:23","modified_gmt":"2024-11-14T13:49:23","slug":"ante-la-baja-de-viviendas-nacionales-santa-ana-gestiona-en-el-iapv-la-restitucion-de-18-lotes","status":"publish","type":"post","link":"https:\/\/www.actualidadadiario.com\/index.php\/2024\/11\/14\/ante-la-baja-de-viviendas-nacionales-santa-ana-gestiona-en-el-iapv-la-restitucion-de-18-lotes\/","title":{"rendered":"Ante la baja de viviendas nacionales, Santa Ana gestiona en el IAPV la restituci\u00f3n de 18 lotes"},"content":{"rendered":"<p style=\"text-align: center;\"><em><strong>Las nuevas operatorias de viviendas, la escrituraci\u00f3n de barrios y la restituci\u00f3n de 18 lotes al municipio de Santa Ana para futuros planes habitacionales fueron los temas abordados en una reuni\u00f3n de trabajo que mantuvo el vicepresidente del IAPV, Luis Uriona, con el intendente de la vecina localidad, Rogelio Zanandrea. El encuentro cont\u00f3 con la presencia del vocal de la repartici\u00f3n, An\u00edbal Steren<\/strong><\/em><\/p>\n<p>&nbsp;<\/p>\n<p>&nbsp;<\/p>\n<p>Al t\u00e9rmino de la reuni\u00f3n, que se desarroll\u00f3 en la sede del organismo provincial, Uriona dijo que \u00abla pol\u00edtica habitacional que lleva adelante el gobierno de Rogelio Frigerio, nos exige que trabajemos en la instrumentaci\u00f3n de diferentes planes de viviendas para ayudar a m\u00e1s familias a cumplir el sue\u00f1o de tener la casa propia\u00bb.<\/p>\n<p>En ese sentido, el funcionario se\u00f1al\u00f3 que \u00abdialogamos sobre la demanda habitacional que existe en esta pujante comunidad y las nuevas operatorias que se pueden llevar adelante junto al organismo provincial\u00bb.<\/p>\n<p>Por su parte, el intendente Zanandrea asegur\u00f3 que el municipio \u00abinici\u00f3 el tr\u00e1mite para la restituci\u00f3n de 18 lotes, destinados a viviendas licitadas con fondos del Programa Casa Propia-Construir Futuro, obras que se dieron de baja por falta de financiamiento por parte del gobierno nacional\u00bb.<\/p>\n<p>El jefe comunal resalt\u00f3 \u00abla importancia que tiene la escritura en manos de las familias, que posibilita que la gente se convierta en propietaria de la vivienda\u00bb.<\/p>\n<p>Por \u00faltimo, Zanandrea afirm\u00f3 que \u00abgestionar la construcci\u00f3n de nuevas viviendas, es el compromiso de esta gesti\u00f3n municipal para que m\u00e1s habitantes puedan alcanzar el sue\u00f1o de tener un hogar digno\u00bb.<\/p>\n","protected":false},"excerpt":{"rendered":"<p>Las nuevas operatorias de viviendas, la escrituraci\u00f3n de barrios y la restituci\u00f3n de 18 lotes al municipio de Santa Ana para futuros planes habitacionales fueron los temas abordados en una reuni\u00f3n de trabajo que mantuvo el vicepresidente del IAPV, Luis Uriona, con el intendente de la vecina localidad, Rogelio Zanandrea. El encuentro cont\u00f3 con la presencia del vocal de la repartici\u00f3n, An\u00edbal Steren &nbsp; &nbsp; Al t\u00e9rmino de la reuni\u00f3n, que se desarroll\u00f3 en la sede del organismo provincial, Uriona dijo que \u00abla pol\u00edtica habitacional que lleva adelante el gobierno&#8230;<\/p>\n","protected":false},"author":3,"featured_media":122712,"comment_status":"closed","ping_status":"closed","sticky":false,"template":"","format":"standard","meta":[],"categories":[15],"tags":[],"_links":{"self":[{"href":"https:\/\/www.actualidadadiario.com\/index.php\/wp-json\/wp\/v2\/posts\/122711"}],"collection":[{"href":"https:\/\/www.actualidadadiario.com\/index.php\/wp-json\/wp\/v2\/posts"}],"about":[{"href":"https:\/\/www.actualidadadiario.com\/index.php\/wp-json\/wp\/v2\/types\/post"}],"author":[{"embeddable":true,"href":"https:\/\/www.actualidadadiario.com\/index.php\/wp-json\/wp\/v2\/users\/3"}],"replies":[{"embeddable":true,"href":"https:\/\/www.actualidadadiario.com\/index.php\/wp-json\/wp\/v2\/comments?post=122711"}],"version-history":[{"count":1,"href":"https:\/\/www.actualidadadiario.com\/index.php\/wp-json\/wp\/v2\/posts\/122711\/revisions"}],"predecessor-version":[{"id":122713,"href":"https:\/\/www.actualidadadiario.com\/index.php\/wp-json\/wp\/v2\/posts\/122711\/revisions\/122713"}],"wp:featuredmedia":[{"embeddable":true,"href":"https:\/\/www.actualidadadiario.com\/index.php\/wp-json\/wp\/v2\/media\/122712"}],"wp:attachment":[{"href":"https:\/\/www.actualidadadiario.com\/index.php\/wp-json\/wp\/v2\/media?parent=122711"}],"wp:term":[{"taxonomy":"category","embeddable":true,"href":"https:\/\/www.actualidadadiario.com\/index.php\/wp-json\/wp\/v2\/categories?post=122711"},{"taxonomy":"post_tag","embeddable":true,"href":"https:\/\/www.actualidadadiario.com\/index.php\/wp-json\/wp\/v2\/tags?post=122711"}],"curies":[{"name":"wp","href":"https:\/\/api.w.org\/{rel}","templated":true}]}}