{"id":122708,"date":"2024-11-14T10:48:08","date_gmt":"2024-11-14T13:48:08","guid":{"rendered":"https:\/\/www.actualidadadiario.com\/?p=122708"},"modified":"2024-11-14T10:48:08","modified_gmt":"2024-11-14T13:48:08","slug":"frigerio-anuncio-que-el-ingreso-al-estado-provincial-sera-solo-por-concurso-y-que-se-terminan-los-contratos-basura","status":"publish","type":"post","link":"https:\/\/www.actualidadadiario.com\/index.php\/2024\/11\/14\/frigerio-anuncio-que-el-ingreso-al-estado-provincial-sera-solo-por-concurso-y-que-se-terminan-los-contratos-basura\/","title":{"rendered":"Frigerio anunci\u00f3 que el ingreso al Estado provincial ser\u00e1 s\u00f3lo por concurso y que se terminan los &#8220;contratos basura&#8221;"},"content":{"rendered":"<p style=\"text-align: center;\"><em><strong>El gobernador Rogelio Frigerio anunci\u00f3 que, a partir de enero de 2025, el ingreso a la Administraci\u00f3n p\u00fablica ser\u00e1 \u00fanicamente por concurso p\u00fablico, transparente y abierto. &#8220;No habr\u00e1 m\u00e1s contratos basura o mal llamados contratos de obra&#8221;, adelant\u00f3<\/strong><\/em><\/p>\n<p>&nbsp;<\/p>\n<p>&nbsp;<\/p>\n<p>&#8220;Hoy es un d\u00eda muy importante. Estamos anunciando dos cuestiones muy relevantes para la Administraci\u00f3n p\u00fablica de la provincia de Entre R\u00edos&#8221;, introdujo Frigerio en la conferencia de prensa que ofreci\u00f3 este mi\u00e9rcoles en la Sala de Periodistas de Casa de Gobierno, acompa\u00f1ado por el secretario general de la Gobernaci\u00f3n, Mauricio Colello, y el secretario de Trabajo, Mariano Camoirano.<\/p>\n<p>&#8220;En primer lugar, a partir del primero de enero de 2025, se terminan para siempre los contratos basura en el Estado provincial. Los mal llamados \u201ccontratos de obra\u201d pasan a partir del primero de enero del pr\u00f3ximo a\u00f1o a cumplir con los requisitos de la ley. Es decir, pasan a tributar a la Caja de Jubilaciones de nuestra provincia, que estamos rescatando y defendiendo entre todos; y pasan, por supuesto, tambi\u00e9n a tener los beneficios de nuestra obra social provincial&#8221;, detall\u00f3.<\/p>\n<p>Seguidamente, comunic\u00f3 que &#8220;de la mano de esta medida hist\u00f3rica para Entre R\u00edos, anunciamos que se terminan para siempre los ingresos a la planta permanente del Estado que no pasen por un concurso p\u00fablico, transparente y abierto en nuestra provincia&#8221;.<\/p>\n<p>En ese sentido, remarc\u00f3: &#8220;Defendemos los derechos que emanan de la Constituci\u00f3n, uno de esos derechos habla de la estabilidad del empleo p\u00fablico. Estabilidad que, a nuestro parecer, est\u00e1 vinculada al cumplimiento de otro derecho de la Constituci\u00f3n: el que determina que la sola condici\u00f3n para poder ingresar al Estado es la idoneidad&#8221;.<\/p>\n<p>Explic\u00f3 entonces que &#8220;esa idoneidad solamente se puede cristalizar a trav\u00e9s de un concurso p\u00fablico, abierto y transparente. Cuando la estabilidad del empleo p\u00fablico no est\u00e1 vinculada a esa idoneidad sino a una decisi\u00f3n de alg\u00fan funcionario que circunstancialmente detenta el poder y quiere poner a un amigo, un pariente o un militante en el Estado, esa estabilidad pasa a ser un privilegio. Cuando la estabilidad est\u00e1 determinada por un concurso p\u00fablico, abierto y transparente, que plantea con claridad la idoneidad de esa persona, la estabilidad pasa a ser un derecho&#8221;, subray\u00f3.<\/p>\n<p>Por \u00faltimo, Frigerio remarc\u00f3 que se quiere &#8220;terminar con todos esos privilegios relacionados con el poder, y esta medida va en ese sentido&#8221;, lo cual, a la vez, permitir\u00e1 &#8220;recuperar la autoridad moral para ejercer el control, tambi\u00e9n en el sector privado, de que se cumplan las leyes laborales. El Estado ya no va a ser el principal empleador en negro de la provincia&#8221;, concluy\u00f3.<\/p>\n","protected":false},"excerpt":{"rendered":"<p>El gobernador Rogelio Frigerio anunci\u00f3 que, a partir de enero de 2025, el ingreso a la Administraci\u00f3n p\u00fablica ser\u00e1 \u00fanicamente por concurso p\u00fablico, transparente y abierto. &#8220;No habr\u00e1 m\u00e1s contratos basura o mal llamados contratos de obra&#8221;, adelant\u00f3 &nbsp; &nbsp; &#8220;Hoy es un d\u00eda muy importante. Estamos anunciando dos cuestiones muy relevantes para la Administraci\u00f3n p\u00fablica de la provincia de Entre R\u00edos&#8221;, introdujo Frigerio en la conferencia de prensa que ofreci\u00f3 este mi\u00e9rcoles en la Sala de Periodistas de Casa de Gobierno, acompa\u00f1ado por el secretario general de la Gobernaci\u00f3n,&#8230;<\/p>\n","protected":false},"author":3,"featured_media":122709,"comment_status":"closed","ping_status":"closed","sticky":false,"template":"","format":"standard","meta":[],"categories":[9],"tags":[],"_links":{"self":[{"href":"https:\/\/www.actualidadadiario.com\/index.php\/wp-json\/wp\/v2\/posts\/122708"}],"collection":[{"href":"https:\/\/www.actualidadadiario.com\/index.php\/wp-json\/wp\/v2\/posts"}],"about":[{"href":"https:\/\/www.actualidadadiario.com\/index.php\/wp-json\/wp\/v2\/types\/post"}],"author":[{"embeddable":true,"href":"https:\/\/www.actualidadadiario.com\/index.php\/wp-json\/wp\/v2\/users\/3"}],"replies":[{"embeddable":true,"href":"https:\/\/www.actualidadadiario.com\/index.php\/wp-json\/wp\/v2\/comments?post=122708"}],"version-history":[{"count":1,"href":"https:\/\/www.actualidadadiario.com\/index.php\/wp-json\/wp\/v2\/posts\/122708\/revisions"}],"predecessor-version":[{"id":122710,"href":"https:\/\/www.actualidadadiario.com\/index.php\/wp-json\/wp\/v2\/posts\/122708\/revisions\/122710"}],"wp:featuredmedia":[{"embeddable":true,"href":"https:\/\/www.actualidadadiario.com\/index.php\/wp-json\/wp\/v2\/media\/122709"}],"wp:attachment":[{"href":"https:\/\/www.actualidadadiario.com\/index.php\/wp-json\/wp\/v2\/media?parent=122708"}],"wp:term":[{"taxonomy":"category","embeddable":true,"href":"https:\/\/www.actualidadadiario.com\/index.php\/wp-json\/wp\/v2\/categories?post=122708"},{"taxonomy":"post_tag","embeddable":true,"href":"https:\/\/www.actualidadadiario.com\/index.php\/wp-json\/wp\/v2\/tags?post=122708"}],"curies":[{"name":"wp","href":"https:\/\/api.w.org\/{rel}","templated":true}]}}